{"id":4167,"date":"2024-01-15T07:59:41","date_gmt":"2024-01-15T10:59:41","guid":{"rendered":"https:\/\/nordesteimprensa.com.br\/?p=4167"},"modified":"2024-01-15T07:59:41","modified_gmt":"2024-01-15T10:59:41","slug":"homem-e-preso-em-itabaiana-apos-ser-flagrado-com-drogas-e-balanca","status":"publish","type":"post","link":"https:\/\/nordesteimprensa.com.br\/index.php\/2024\/01\/15\/homem-e-preso-em-itabaiana-apos-ser-flagrado-com-drogas-e-balanca\/","title":{"rendered":"Homem \u00e9 preso em Itabaiana ap\u00f3s ser flagrado com drogas e balan\u00e7a"},"content":{"rendered":"\n<p>Um homem foi preso por policiais do Regimento de Cavalaria Mecanizada de Motopatrulhamento (Getam) neste s\u00e1bado, 13, ao ser flagrado com drogas no no S\u00edtio do Porto, em Itabaiana, Agreste de Sergipe.<\/p>\n\n\n\n<p>De acordo com a Pol\u00edcia Militar, durante o policiamento ordin\u00e1rio, os militares avistaram um homem em atitude suspeita, saindo de uma casa. No procedimento de busca pessoal, ele ficou bastante nervoso, momento em que foram apreendidas 50 gramas de crack e 15 de maconha.<\/p>\n\n\n\n<p>Ainda segundo as informa\u00e7\u00f5es, o suspeito disse que entregaria as drogas na Pra\u00e7a de Eventos da cidade e que a resid\u00eancia servia para separar e embalar os entorpecentes.<\/p>\n\n\n\n<p>fonte: Infonet <\/p>\n\n\n\n<p><\/p>\n\n\n\n<p><\/p>\n\n\n\n<p><\/p>\n","protected":false},"excerpt":{"rendered":"<p>Um homem foi preso por policiais do Regimento de Cavalaria Mecanizada de Motopatrulhamento (Getam) neste s\u00e1bado, 13, ao ser flagrado com drogas no no S\u00edtio do Porto, em Itabaiana, Agreste de Sergipe. De acordo com a Pol\u00edcia Militar, durante o policiamento ordin\u00e1rio, os militares avistaram um homem em atitude suspeita, saindo de uma casa. No [&hellip;]<\/p>\n","protected":false},"author":1,"featured_media":4168,"comment_status":"open","ping_status":"open","sticky":false,"template":"","format":"standard","meta":{"footnotes":""},"categories":[10],"tags":[],"class_list":{"0":"post-4167","1":"post","2":"type-post","3":"status-publish","4":"format-standard","5":"has-post-thumbnail","7":"category-theme-features"},"_links":{"self":[{"href":"https:\/\/nordesteimprensa.com.br\/index.php\/wp-json\/wp\/v2\/posts\/4167","targetHints":{"allow":["GET"]}}],"collection":[{"href":"https:\/\/nordesteimprensa.com.br\/index.php\/wp-json\/wp\/v2\/posts"}],"about":[{"href":"https:\/\/nordesteimprensa.com.br\/index.php\/wp-json\/wp\/v2\/types\/post"}],"author":[{"embeddable":true,"href":"https:\/\/nordesteimprensa.com.br\/index.php\/wp-json\/wp\/v2\/users\/1"}],"replies":[{"embeddable":true,"href":"https:\/\/nordesteimprensa.com.br\/index.php\/wp-json\/wp\/v2\/comments?post=4167"}],"version-history":[{"count":1,"href":"https:\/\/nordesteimprensa.com.br\/index.php\/wp-json\/wp\/v2\/posts\/4167\/revisions"}],"predecessor-version":[{"id":4169,"href":"https:\/\/nordesteimprensa.com.br\/index.php\/wp-json\/wp\/v2\/posts\/4167\/revisions\/4169"}],"wp:featuredmedia":[{"embeddable":true,"href":"https:\/\/nordesteimprensa.com.br\/index.php\/wp-json\/wp\/v2\/media\/4168"}],"wp:attachment":[{"href":"https:\/\/nordesteimprensa.com.br\/index.php\/wp-json\/wp\/v2\/media?parent=4167"}],"wp:term":[{"taxonomy":"category","embeddable":true,"href":"https:\/\/nordesteimprensa.com.br\/index.php\/wp-json\/wp\/v2\/categories?post=4167"},{"taxonomy":"post_tag","embeddable":true,"href":"https:\/\/nordesteimprensa.com.br\/index.php\/wp-json\/wp\/v2\/tags?post=4167"}],"curies":[{"name":"wp","href":"https:\/\/api.w.org\/{rel}","templated":true}]}}