{"id":4170,"date":"2024-01-15T08:02:32","date_gmt":"2024-01-15T11:02:32","guid":{"rendered":"https:\/\/nordesteimprensa.com.br\/?p=4170"},"modified":"2024-01-15T08:02:33","modified_gmt":"2024-01-15T11:02:33","slug":"mercados-municipais-de-aracaju-fecham-para-primeira-limpeza-anual-nesta-segunda-feira","status":"publish","type":"post","link":"https:\/\/nordesteimprensa.com.br\/index.php\/2024\/01\/15\/mercados-municipais-de-aracaju-fecham-para-primeira-limpeza-anual-nesta-segunda-feira\/","title":{"rendered":"Mercados municipais de Aracaju fecham para primeira limpeza anual nesta segunda-feira"},"content":{"rendered":"\n<p>Os mercados municipais localizados no Bairro Farol\u00e2ndia e no Centro de Aracaju estar\u00e3o fechados para primeira limpeza geral de 2024 nesta segunda-feira (15).<\/p>\n\n\n\n<p>Segundo a Empresa Municipal de Servi\u00e7os Urbanos (Emsurb), a a\u00e7\u00e3o tem como finalidade realizar uma higieniza\u00e7\u00e3o mais intensa de todos os setores, com execu\u00e7\u00e3o de servi\u00e7os de dedetiza\u00e7\u00e3o, desratiza\u00e7\u00e3o, varri\u00e7\u00e3o, retirada de res\u00edduos e lavagem do espa\u00e7o, para garantir o bem-estar dos feirantes e frequentadores do estabelecimento.<\/p>\n\n\n\n<p>O fechamento acontece sempre na terceira segunda-feira de cada m\u00eas, al\u00e9m da varri\u00e7\u00e3o di\u00e1ria dos corredores e instala\u00e7\u00f5es dos mercados. J\u00e1 os setores de carnes e pescados s\u00e3o lavados semanalmente.<\/p>\n\n\n\n<p>Os espa\u00e7os reabrem normalmente no dia seguinte, das 5h30 \u00e0s 17h.<\/p>\n\n\n\n<p><\/p>\n\n\n\n<p><\/p>\n\n\n\n<p><\/p>\n\n\n\n<p><\/p>\n","protected":false},"excerpt":{"rendered":"<p>Os mercados municipais localizados no Bairro Farol\u00e2ndia e no Centro de Aracaju estar\u00e3o fechados para primeira limpeza geral de 2024 nesta segunda-feira (15). Segundo a Empresa Municipal de Servi\u00e7os Urbanos (Emsurb), a a\u00e7\u00e3o tem como finalidade realizar uma higieniza\u00e7\u00e3o mais intensa de todos os setores, com execu\u00e7\u00e3o de servi\u00e7os de dedetiza\u00e7\u00e3o, desratiza\u00e7\u00e3o, varri\u00e7\u00e3o, retirada de [&hellip;]<\/p>\n","protected":false},"author":1,"featured_media":4171,"comment_status":"open","ping_status":"open","sticky":false,"template":"","format":"standard","meta":{"footnotes":""},"categories":[10],"tags":[],"class_list":{"0":"post-4170","1":"post","2":"type-post","3":"status-publish","4":"format-standard","5":"has-post-thumbnail","7":"category-theme-features"},"_links":{"self":[{"href":"https:\/\/nordesteimprensa.com.br\/index.php\/wp-json\/wp\/v2\/posts\/4170","targetHints":{"allow":["GET"]}}],"collection":[{"href":"https:\/\/nordesteimprensa.com.br\/index.php\/wp-json\/wp\/v2\/posts"}],"about":[{"href":"https:\/\/nordesteimprensa.com.br\/index.php\/wp-json\/wp\/v2\/types\/post"}],"author":[{"embeddable":true,"href":"https:\/\/nordesteimprensa.com.br\/index.php\/wp-json\/wp\/v2\/users\/1"}],"replies":[{"embeddable":true,"href":"https:\/\/nordesteimprensa.com.br\/index.php\/wp-json\/wp\/v2\/comments?post=4170"}],"version-history":[{"count":1,"href":"https:\/\/nordesteimprensa.com.br\/index.php\/wp-json\/wp\/v2\/posts\/4170\/revisions"}],"predecessor-version":[{"id":4172,"href":"https:\/\/nordesteimprensa.com.br\/index.php\/wp-json\/wp\/v2\/posts\/4170\/revisions\/4172"}],"wp:featuredmedia":[{"embeddable":true,"href":"https:\/\/nordesteimprensa.com.br\/index.php\/wp-json\/wp\/v2\/media\/4171"}],"wp:attachment":[{"href":"https:\/\/nordesteimprensa.com.br\/index.php\/wp-json\/wp\/v2\/media?parent=4170"}],"wp:term":[{"taxonomy":"category","embeddable":true,"href":"https:\/\/nordesteimprensa.com.br\/index.php\/wp-json\/wp\/v2\/categories?post=4170"},{"taxonomy":"post_tag","embeddable":true,"href":"https:\/\/nordesteimprensa.com.br\/index.php\/wp-json\/wp\/v2\/tags?post=4170"}],"curies":[{"name":"wp","href":"https:\/\/api.w.org\/{rel}","templated":true}]}}