{"id":4173,"date":"2024-01-17T10:12:21","date_gmt":"2024-01-17T13:12:21","guid":{"rendered":"https:\/\/nordesteimprensa.com.br\/?p=4173"},"modified":"2024-01-17T10:12:21","modified_gmt":"2024-01-17T13:12:21","slug":"tres-participantes-de-sergipe-alcancaram-nota-1-000-na-redacao-do-enem","status":"publish","type":"post","link":"https:\/\/nordesteimprensa.com.br\/index.php\/2024\/01\/17\/tres-participantes-de-sergipe-alcancaram-nota-1-000-na-redacao-do-enem\/","title":{"rendered":"Tr\u00eas participantes de Sergipe alcan\u00e7aram nota 1.000 na reda\u00e7\u00e3o do Enem"},"content":{"rendered":"\n<p>Tr\u00eas candidatos alcan\u00e7aram a nota mil em Sergipe, na reda\u00e7\u00e3o do Enem 2023, de acordo com informa\u00e7\u00f5es divulgadas pelo Instituto Nacional de Estudos e Pesquisas Educacionais An\u00edsio Teixeira (Inep).<\/p>\n\n\n\n<p>De acordo com o Inep, organizador do exame, na edi\u00e7\u00e3o do Enem 2023 um total de 60 alunos tiraram a nota m\u00e1xima na reda\u00e7\u00e3o que teve como tema: \u2018Desafios para o enfrentamento da invisibilidade do trabalho de cuidado realizado pela mulher no Brasil\u2019.<\/p>\n\n\n\n<p>Para o organizador do exame, o n\u00famero de pessoas que alcan\u00e7aram a nota m\u00e1xima cresceu mais que o dobro.<\/p>\n\n\n\n<p><strong>Confira a rela\u00e7\u00e3o de participantes que tiraram nota m\u00e1xima &nbsp;por estado:<\/strong><\/p>\n\n\n\n<p>Acre \u2013 0<\/p>\n\n\n\n<p>Alagoas \u2013 0<\/p>\n\n\n\n<p>Amap\u00e1 \u2013 0<\/p>\n\n\n\n<p>Amazonas \u2013 1<\/p>\n\n\n\n<p>Bahia \u2013 4<\/p>\n\n\n\n<p>Cear\u00e1 \u2013 4<\/p>\n\n\n\n<p>Distrito Federal \u2013 1<\/p>\n\n\n\n<p>Esp\u00edrito Santo \u2013 2<\/p>\n\n\n\n<p>Goi\u00e1s \u2013 4<\/p>\n\n\n\n<p>Maranh\u00e3o \u2013 0<\/p>\n\n\n\n<p>Mato Grosso \u2013 0<\/p>\n\n\n\n<p>Mato Grosso do Sul \u2013 0<\/p>\n\n\n\n<p>Minas Gerais \u2013 2<\/p>\n\n\n\n<p>Par\u00e1 \u2013 3<\/p>\n\n\n\n<p>Para\u00edba \u2013 0<\/p>\n\n\n\n<p>Paran\u00e1 \u2013 0<\/p>\n\n\n\n<p>Pernambuco \u2013 2<\/p>\n\n\n\n<p>Piau\u00ed \u2013 6<\/p>\n\n\n\n<p>Rio de Janeiro \u2013 7<\/p>\n\n\n\n<p>Rio Grande do Norte \u2013 6<\/p>\n\n\n\n<p>Rio Grande do Sul \u2013 6<\/p>\n\n\n\n<p>Rond\u00f4nia \u2013 0<\/p>\n\n\n\n<p>Roraima \u2013 0<\/p>\n\n\n\n<p>Santa Catarina \u2013 1<\/p>\n\n\n\n<p>S\u00e3o Paulo \u2013 7<\/p>\n\n\n\n<p><strong>Sergipe \u2013 3<\/strong><\/p>\n\n\n\n<p>Tocantins \u2013 1<\/p>\n\n\n\n<p>Foto: Ag\u00eancia Brasil<\/p>\n\n\n\n<p><\/p>\n\n\n\n<p><\/p>\n\n\n\n<p><\/p>\n\n\n\n<p><\/p>\n\n\n\n<p><\/p>\n","protected":false},"excerpt":{"rendered":"<p>Tr\u00eas candidatos alcan\u00e7aram a nota mil em Sergipe, na reda\u00e7\u00e3o do Enem 2023, de acordo com informa\u00e7\u00f5es divulgadas pelo Instituto Nacional de Estudos e Pesquisas Educacionais An\u00edsio Teixeira (Inep). De acordo com o Inep, organizador do exame, na edi\u00e7\u00e3o do Enem 2023 um total de 60 alunos tiraram a nota m\u00e1xima na reda\u00e7\u00e3o que teve [&hellip;]<\/p>\n","protected":false},"author":1,"featured_media":4174,"comment_status":"open","ping_status":"open","sticky":false,"template":"","format":"standard","meta":{"footnotes":""},"categories":[10],"tags":[],"class_list":{"0":"post-4173","1":"post","2":"type-post","3":"status-publish","4":"format-standard","5":"has-post-thumbnail","7":"category-theme-features"},"_links":{"self":[{"href":"https:\/\/nordesteimprensa.com.br\/index.php\/wp-json\/wp\/v2\/posts\/4173","targetHints":{"allow":["GET"]}}],"collection":[{"href":"https:\/\/nordesteimprensa.com.br\/index.php\/wp-json\/wp\/v2\/posts"}],"about":[{"href":"https:\/\/nordesteimprensa.com.br\/index.php\/wp-json\/wp\/v2\/types\/post"}],"author":[{"embeddable":true,"href":"https:\/\/nordesteimprensa.com.br\/index.php\/wp-json\/wp\/v2\/users\/1"}],"replies":[{"embeddable":true,"href":"https:\/\/nordesteimprensa.com.br\/index.php\/wp-json\/wp\/v2\/comments?post=4173"}],"version-history":[{"count":1,"href":"https:\/\/nordesteimprensa.com.br\/index.php\/wp-json\/wp\/v2\/posts\/4173\/revisions"}],"predecessor-version":[{"id":4175,"href":"https:\/\/nordesteimprensa.com.br\/index.php\/wp-json\/wp\/v2\/posts\/4173\/revisions\/4175"}],"wp:featuredmedia":[{"embeddable":true,"href":"https:\/\/nordesteimprensa.com.br\/index.php\/wp-json\/wp\/v2\/media\/4174"}],"wp:attachment":[{"href":"https:\/\/nordesteimprensa.com.br\/index.php\/wp-json\/wp\/v2\/media?parent=4173"}],"wp:term":[{"taxonomy":"category","embeddable":true,"href":"https:\/\/nordesteimprensa.com.br\/index.php\/wp-json\/wp\/v2\/categories?post=4173"},{"taxonomy":"post_tag","embeddable":true,"href":"https:\/\/nordesteimprensa.com.br\/index.php\/wp-json\/wp\/v2\/tags?post=4173"}],"curies":[{"name":"wp","href":"https:\/\/api.w.org\/{rel}","templated":true}]}}