{"id":4185,"date":"2024-01-18T17:11:53","date_gmt":"2024-01-18T20:11:53","guid":{"rendered":"https:\/\/nordesteimprensa.com.br\/?p=4185"},"modified":"2024-01-18T17:11:53","modified_gmt":"2024-01-18T20:11:53","slug":"tres-novas-vitimas-denunciam-estuprador-da-praia-da-costa","status":"publish","type":"post","link":"https:\/\/nordesteimprensa.com.br\/index.php\/2024\/01\/18\/tres-novas-vitimas-denunciam-estuprador-da-praia-da-costa\/","title":{"rendered":"Tr\u00eas novas v\u00edtimas denunciam estuprador da Praia da Costa"},"content":{"rendered":"\n<p>Ap\u00f3s a&nbsp;<a href=\"https:\/\/infonet.com.br\/uncategorized\/policia-divulga-imagem-do-autor-de-estupro-na-barra-dos-coqueiros\/\">divulga\u00e7\u00e3o de imagens do autor de estupros na Praia da Costa<\/a>, na Barra dos Coqueiros, outras tr\u00eas v\u00edtimas compareceram \u00e0 delegacia da regi\u00e3o para denunciar o homem. O criminoso, Edivan Vin\u00edcius Silva Santos, est\u00e1 preso em cumprimento a mandado judicial por viol\u00eancia sexual e abusos.<\/p>\n\n\n\n<p>De acordo com a Pol\u00edcia Civil, duas das v\u00edtimas foram alvo de tentativa de estupro e a terceira de importuna\u00e7\u00e3o sexual. Segundo a delegada Jaciara Mendon\u00e7a, da Delegacia de Atendimento a Grupos Vulner\u00e1veis da Barra dos Coqueiros (DAGV), os crimes iniciaram em agosto e eram realizados na Praia da Costa, no intervalo de tempo entre \u00e0s 5h da manh\u00e3 e por volta das 17h.<\/p>\n\n\n\n<p>Ainda conforme a delegada, a investiga\u00e7\u00e3o aponta que Edivan \u00e9 considerado um estuprador que praticava os crimes com frequ\u00eancia. \u201cEle era um estuprador em s\u00e9rie. Se n\u00e3o fosse parado, ele iria continuar. E pode haver mais v\u00edtimas. Por isso, pedimos que as v\u00edtimas registrem o boletim de ocorr\u00eancia\u201d, acrescentou. O\u00a0<a href=\"https:\/\/infonet.com.br\/noticias\/cidade\/homem-e-preso-acusado-de-estuprar-turista-na-barra-dos-coqueiros\/\">investigado foi preso pela Pol\u00edcia Civil<\/a>\u00a0no in\u00edcio de janeiro ap\u00f3s boletim de ocorr\u00eancias registrar o estupro de uma turista na Barra.<\/p>\n\n\n\n<p>Fonte: Infonet <\/p>\n\n\n\n<p><\/p>\n\n\n\n<p><\/p>\n\n\n\n<p><\/p>\n","protected":false},"excerpt":{"rendered":"<p>Ap\u00f3s a&nbsp;divulga\u00e7\u00e3o de imagens do autor de estupros na Praia da Costa, na Barra dos Coqueiros, outras tr\u00eas v\u00edtimas compareceram \u00e0 delegacia da regi\u00e3o para denunciar o homem. O criminoso, Edivan Vin\u00edcius Silva Santos, est\u00e1 preso em cumprimento a mandado judicial por viol\u00eancia sexual e abusos. De acordo com a Pol\u00edcia Civil, duas das v\u00edtimas [&hellip;]<\/p>\n","protected":false},"author":1,"featured_media":4186,"comment_status":"open","ping_status":"open","sticky":false,"template":"","format":"standard","meta":{"footnotes":""},"categories":[10],"tags":[],"class_list":{"0":"post-4185","1":"post","2":"type-post","3":"status-publish","4":"format-standard","5":"has-post-thumbnail","7":"category-theme-features"},"_links":{"self":[{"href":"https:\/\/nordesteimprensa.com.br\/index.php\/wp-json\/wp\/v2\/posts\/4185","targetHints":{"allow":["GET"]}}],"collection":[{"href":"https:\/\/nordesteimprensa.com.br\/index.php\/wp-json\/wp\/v2\/posts"}],"about":[{"href":"https:\/\/nordesteimprensa.com.br\/index.php\/wp-json\/wp\/v2\/types\/post"}],"author":[{"embeddable":true,"href":"https:\/\/nordesteimprensa.com.br\/index.php\/wp-json\/wp\/v2\/users\/1"}],"replies":[{"embeddable":true,"href":"https:\/\/nordesteimprensa.com.br\/index.php\/wp-json\/wp\/v2\/comments?post=4185"}],"version-history":[{"count":1,"href":"https:\/\/nordesteimprensa.com.br\/index.php\/wp-json\/wp\/v2\/posts\/4185\/revisions"}],"predecessor-version":[{"id":4187,"href":"https:\/\/nordesteimprensa.com.br\/index.php\/wp-json\/wp\/v2\/posts\/4185\/revisions\/4187"}],"wp:featuredmedia":[{"embeddable":true,"href":"https:\/\/nordesteimprensa.com.br\/index.php\/wp-json\/wp\/v2\/media\/4186"}],"wp:attachment":[{"href":"https:\/\/nordesteimprensa.com.br\/index.php\/wp-json\/wp\/v2\/media?parent=4185"}],"wp:term":[{"taxonomy":"category","embeddable":true,"href":"https:\/\/nordesteimprensa.com.br\/index.php\/wp-json\/wp\/v2\/categories?post=4185"},{"taxonomy":"post_tag","embeddable":true,"href":"https:\/\/nordesteimprensa.com.br\/index.php\/wp-json\/wp\/v2\/tags?post=4185"}],"curies":[{"name":"wp","href":"https:\/\/api.w.org\/{rel}","templated":true}]}}