{"id":4191,"date":"2024-01-18T17:17:20","date_gmt":"2024-01-18T20:17:20","guid":{"rendered":"https:\/\/nordesteimprensa.com.br\/?p=4191"},"modified":"2024-01-18T17:17:21","modified_gmt":"2024-01-18T20:17:21","slug":"prefeitura-de-itabi-reforca-compromisso-com-desenvolvimento-rural-e-infraestrutura","status":"publish","type":"post","link":"https:\/\/nordesteimprensa.com.br\/index.php\/2024\/01\/18\/prefeitura-de-itabi-reforca-compromisso-com-desenvolvimento-rural-e-infraestrutura\/","title":{"rendered":"Prefeitura de Itabi refor\u00e7a compromisso com desenvolvimento rural e infraestrutura"},"content":{"rendered":"\n<p>Refor\u00e7ando seu compromisso de levar benef\u00edcios para a popula\u00e7\u00e3o, tanto na zona rural quanto na sede do munic\u00edpio, a prefeitura de Itabi vem demonstrando uma gest\u00e3o voltada para o desenvolvimento integral da regi\u00e3o.<\/p>\n\n\n\n<p>A Secretaria de Obras tem se destacado recentemente ao realizar o servi\u00e7o de patrolamento nas estradas que conectam Lagoa da Vaca, Varame e Barreiro Comprido. Essa iniciativa visa melhorar a infraestrutura vi\u00e1ria, proporcionando mais qualidade de vida e acessibilidade aos moradores dessas localidades.<\/p>\n\n\n\n<p>Outra frente de atua\u00e7\u00e3o efetiva \u00e9 protagonizada pela Secretaria de Agricultura, em parceria com o Departamento de Transporte, que est\u00e1 empenhada em diversos trabalhos para preparar as aguadas, visando armazenar o m\u00e1ximo volume de \u00e1gua poss\u00edvel. Essa a\u00e7\u00e3o estrat\u00e9gica torna-se essencial para enfrentar os per\u00edodos de seca, fortalecendo a resili\u00eancia do setor agr\u00edcola local.<\/p>\n\n\n\n<p>O compromisso da gest\u00e3o municipal em assegurar os investimentos necess\u00e1rios para enfrentar a crise h\u00eddrica reflete a sensibilidade para as demandas das comunidades rurais.<\/p>\n\n\n\n<p>A atua\u00e7\u00e3o integrada das secretarias destaca-se como um exemplo de planejamento eficiente para promover o desenvolvimento sustent\u00e1vel e melhorar a qualidade de vida dos cidad\u00e3os.<\/p>\n\n\n\n<p><\/p>\n\n\n\n<p><\/p>\n\n\n\n<p><\/p>\n\n\n\n<p><\/p>\n","protected":false},"excerpt":{"rendered":"<p>Refor\u00e7ando seu compromisso de levar benef\u00edcios para a popula\u00e7\u00e3o, tanto na zona rural quanto na sede do munic\u00edpio, a prefeitura de Itabi vem demonstrando uma gest\u00e3o voltada para o desenvolvimento integral da regi\u00e3o. A Secretaria de Obras tem se destacado recentemente ao realizar o servi\u00e7o de patrolamento nas estradas que conectam Lagoa da Vaca, Varame [&hellip;]<\/p>\n","protected":false},"author":1,"featured_media":4192,"comment_status":"open","ping_status":"open","sticky":false,"template":"","format":"standard","meta":{"footnotes":""},"categories":[10],"tags":[],"class_list":{"0":"post-4191","1":"post","2":"type-post","3":"status-publish","4":"format-standard","5":"has-post-thumbnail","7":"category-theme-features"},"_links":{"self":[{"href":"https:\/\/nordesteimprensa.com.br\/index.php\/wp-json\/wp\/v2\/posts\/4191","targetHints":{"allow":["GET"]}}],"collection":[{"href":"https:\/\/nordesteimprensa.com.br\/index.php\/wp-json\/wp\/v2\/posts"}],"about":[{"href":"https:\/\/nordesteimprensa.com.br\/index.php\/wp-json\/wp\/v2\/types\/post"}],"author":[{"embeddable":true,"href":"https:\/\/nordesteimprensa.com.br\/index.php\/wp-json\/wp\/v2\/users\/1"}],"replies":[{"embeddable":true,"href":"https:\/\/nordesteimprensa.com.br\/index.php\/wp-json\/wp\/v2\/comments?post=4191"}],"version-history":[{"count":1,"href":"https:\/\/nordesteimprensa.com.br\/index.php\/wp-json\/wp\/v2\/posts\/4191\/revisions"}],"predecessor-version":[{"id":4193,"href":"https:\/\/nordesteimprensa.com.br\/index.php\/wp-json\/wp\/v2\/posts\/4191\/revisions\/4193"}],"wp:featuredmedia":[{"embeddable":true,"href":"https:\/\/nordesteimprensa.com.br\/index.php\/wp-json\/wp\/v2\/media\/4192"}],"wp:attachment":[{"href":"https:\/\/nordesteimprensa.com.br\/index.php\/wp-json\/wp\/v2\/media?parent=4191"}],"wp:term":[{"taxonomy":"category","embeddable":true,"href":"https:\/\/nordesteimprensa.com.br\/index.php\/wp-json\/wp\/v2\/categories?post=4191"},{"taxonomy":"post_tag","embeddable":true,"href":"https:\/\/nordesteimprensa.com.br\/index.php\/wp-json\/wp\/v2\/tags?post=4191"}],"curies":[{"name":"wp","href":"https:\/\/api.w.org\/{rel}","templated":true}]}}