{"id":4194,"date":"2024-01-19T10:37:00","date_gmt":"2024-01-19T13:37:00","guid":{"rendered":"https:\/\/nordesteimprensa.com.br\/?p=4194"},"modified":"2024-01-19T10:37:00","modified_gmt":"2024-01-19T13:37:00","slug":"homem-e-espancado-por-travestis-no-centro-de-aracaju","status":"publish","type":"post","link":"https:\/\/nordesteimprensa.com.br\/index.php\/2024\/01\/19\/homem-e-espancado-por-travestis-no-centro-de-aracaju\/","title":{"rendered":"Homem \u00e9 espancado por travestis no Centro de Aracaju"},"content":{"rendered":"\n<p>Um homem foi espancado na madrugada desta sexta-feira, 19, por tr\u00eas travestis no centro de Aracaju. Segundo a Pol\u00edcia Militar, as guarni\u00e7\u00f5es foram deslocadas para a ocorr\u00eancia entre as ruas Itabaianinha e Geru, na regi\u00e3o central da capital.<\/p>\n\n\n\n<p>Ainda segundo a PM, assim que chegou na localidade os policiais encontraram um homem ca\u00eddo ao ch\u00e3o com sinais de escapamento. Populares relataram que a v\u00edtima entrou em vias de fatos com tr\u00eas travestis, que acabaram rendendo o homem e roubando o aparelho celular dele.<\/p>\n\n\n\n<p>A PM diz ainda que o Servi\u00e7o de Atendimento M\u00f3vel de Urg\u00eancia (Samu) foi acionado, realizou os primeiros socorros e em seguida levou o homem para o Hospital de Urg\u00eancia de Sergipe \u2013 Gov. Jo\u00e3o Alves Filho (Huse). O estado de sa\u00fade dele n\u00e3o foi divulgado.<\/p>\n","protected":false},"excerpt":{"rendered":"<p>Um homem foi espancado na madrugada desta sexta-feira, 19, por tr\u00eas travestis no centro de Aracaju. Segundo a Pol\u00edcia Militar, as guarni\u00e7\u00f5es foram deslocadas para a ocorr\u00eancia entre as ruas Itabaianinha e Geru, na regi\u00e3o central da capital. Ainda segundo a PM, assim que chegou na localidade os policiais encontraram um homem ca\u00eddo ao ch\u00e3o [&hellip;]<\/p>\n","protected":false},"author":1,"featured_media":4195,"comment_status":"open","ping_status":"open","sticky":false,"template":"","format":"standard","meta":{"footnotes":""},"categories":[10],"tags":[],"class_list":{"0":"post-4194","1":"post","2":"type-post","3":"status-publish","4":"format-standard","5":"has-post-thumbnail","7":"category-theme-features"},"_links":{"self":[{"href":"https:\/\/nordesteimprensa.com.br\/index.php\/wp-json\/wp\/v2\/posts\/4194","targetHints":{"allow":["GET"]}}],"collection":[{"href":"https:\/\/nordesteimprensa.com.br\/index.php\/wp-json\/wp\/v2\/posts"}],"about":[{"href":"https:\/\/nordesteimprensa.com.br\/index.php\/wp-json\/wp\/v2\/types\/post"}],"author":[{"embeddable":true,"href":"https:\/\/nordesteimprensa.com.br\/index.php\/wp-json\/wp\/v2\/users\/1"}],"replies":[{"embeddable":true,"href":"https:\/\/nordesteimprensa.com.br\/index.php\/wp-json\/wp\/v2\/comments?post=4194"}],"version-history":[{"count":1,"href":"https:\/\/nordesteimprensa.com.br\/index.php\/wp-json\/wp\/v2\/posts\/4194\/revisions"}],"predecessor-version":[{"id":4196,"href":"https:\/\/nordesteimprensa.com.br\/index.php\/wp-json\/wp\/v2\/posts\/4194\/revisions\/4196"}],"wp:featuredmedia":[{"embeddable":true,"href":"https:\/\/nordesteimprensa.com.br\/index.php\/wp-json\/wp\/v2\/media\/4195"}],"wp:attachment":[{"href":"https:\/\/nordesteimprensa.com.br\/index.php\/wp-json\/wp\/v2\/media?parent=4194"}],"wp:term":[{"taxonomy":"category","embeddable":true,"href":"https:\/\/nordesteimprensa.com.br\/index.php\/wp-json\/wp\/v2\/categories?post=4194"},{"taxonomy":"post_tag","embeddable":true,"href":"https:\/\/nordesteimprensa.com.br\/index.php\/wp-json\/wp\/v2\/tags?post=4194"}],"curies":[{"name":"wp","href":"https:\/\/api.w.org\/{rel}","templated":true}]}}