{"id":4206,"date":"2024-01-23T13:25:41","date_gmt":"2024-01-23T16:25:41","guid":{"rendered":"https:\/\/nordesteimprensa.com.br\/?p=4206"},"modified":"2024-01-23T13:25:41","modified_gmt":"2024-01-23T16:25:41","slug":"homem-morre-apos-queda-de-moto-na-se-230-em-poco-redondo","status":"publish","type":"post","link":"https:\/\/nordesteimprensa.com.br\/index.php\/2024\/01\/23\/homem-morre-apos-queda-de-moto-na-se-230-em-poco-redondo\/","title":{"rendered":"Homem morre ap\u00f3s queda de moto na SE-230 em Po\u00e7o Redondo"},"content":{"rendered":"\n<p>Um homem morreu ap\u00f3s sofrer uma queda de moto na noite da segunda-feira, 22, na Rodovia SE-230 no Povoado S\u00edtios Novos em Po\u00e7o Redondo.<\/p>\n\n\n\n<p>Uma equipe do Batalh\u00e3o de Pol\u00edcia Rodovi\u00e1ria Estadual (BPRv) foi acionada para a ocorr\u00eancia e foi informada que o Servi\u00e7o de Atendimento M\u00f3vel de Urg\u00eancia (Samu) esteve no local e constatou o \u00f3bito do motociclista.<\/p>\n\n\n\n<p>fonte: Infonet<\/p>\n\n\n\n<p><\/p>\n\n\n\n<p>A moto da v\u00edtima foi localizada ao lado do corpo do jovem e foi entregue aos familiares. O Instituto M\u00e9dico Legal (IML) realizou a remo\u00e7\u00e3o do corpo da v\u00edtima.<\/p>\n","protected":false},"excerpt":{"rendered":"<p>Um homem morreu ap\u00f3s sofrer uma queda de moto na noite da segunda-feira, 22, na Rodovia SE-230 no Povoado S\u00edtios Novos em Po\u00e7o Redondo. Uma equipe do Batalh\u00e3o de Pol\u00edcia Rodovi\u00e1ria Estadual (BPRv) foi acionada para a ocorr\u00eancia e foi informada que o Servi\u00e7o de Atendimento M\u00f3vel de Urg\u00eancia (Samu) esteve no local e constatou [&hellip;]<\/p>\n","protected":false},"author":1,"featured_media":4207,"comment_status":"open","ping_status":"open","sticky":false,"template":"","format":"standard","meta":{"footnotes":""},"categories":[10],"tags":[],"class_list":{"0":"post-4206","1":"post","2":"type-post","3":"status-publish","4":"format-standard","5":"has-post-thumbnail","7":"category-theme-features"},"_links":{"self":[{"href":"https:\/\/nordesteimprensa.com.br\/index.php\/wp-json\/wp\/v2\/posts\/4206","targetHints":{"allow":["GET"]}}],"collection":[{"href":"https:\/\/nordesteimprensa.com.br\/index.php\/wp-json\/wp\/v2\/posts"}],"about":[{"href":"https:\/\/nordesteimprensa.com.br\/index.php\/wp-json\/wp\/v2\/types\/post"}],"author":[{"embeddable":true,"href":"https:\/\/nordesteimprensa.com.br\/index.php\/wp-json\/wp\/v2\/users\/1"}],"replies":[{"embeddable":true,"href":"https:\/\/nordesteimprensa.com.br\/index.php\/wp-json\/wp\/v2\/comments?post=4206"}],"version-history":[{"count":1,"href":"https:\/\/nordesteimprensa.com.br\/index.php\/wp-json\/wp\/v2\/posts\/4206\/revisions"}],"predecessor-version":[{"id":4208,"href":"https:\/\/nordesteimprensa.com.br\/index.php\/wp-json\/wp\/v2\/posts\/4206\/revisions\/4208"}],"wp:featuredmedia":[{"embeddable":true,"href":"https:\/\/nordesteimprensa.com.br\/index.php\/wp-json\/wp\/v2\/media\/4207"}],"wp:attachment":[{"href":"https:\/\/nordesteimprensa.com.br\/index.php\/wp-json\/wp\/v2\/media?parent=4206"}],"wp:term":[{"taxonomy":"category","embeddable":true,"href":"https:\/\/nordesteimprensa.com.br\/index.php\/wp-json\/wp\/v2\/categories?post=4206"},{"taxonomy":"post_tag","embeddable":true,"href":"https:\/\/nordesteimprensa.com.br\/index.php\/wp-json\/wp\/v2\/tags?post=4206"}],"curies":[{"name":"wp","href":"https:\/\/api.w.org\/{rel}","templated":true}]}}