{"id":4215,"date":"2024-01-24T06:34:01","date_gmt":"2024-01-24T09:34:01","guid":{"rendered":"https:\/\/nordesteimprensa.com.br\/?p=4215"},"modified":"2024-01-26T15:35:27","modified_gmt":"2024-01-26T18:35:27","slug":"socia-da-mega-fm-afirma-que-governador-se-negou-a-receber-convite-para-inauguracao-da-radio","status":"publish","type":"post","link":"https:\/\/nordesteimprensa.com.br\/index.php\/2024\/01\/24\/socia-da-mega-fm-afirma-que-governador-se-negou-a-receber-convite-para-inauguracao-da-radio\/","title":{"rendered":"S\u00f3cia da Mega FM afirma que governador se negou a receber convite para inaugura\u00e7\u00e3o da r\u00e1dio"},"content":{"rendered":"\n<p>A imagem de perseguidor de F\u00e1bio Mitidieri ganhou mais uma marca, na \u00faltima segunda-feira, 22, quando se recusou a receber o convite da jovem Isadora Sukita, s\u00f3cia da r\u00e1dio Mega FM. O convite seria para a inaugura\u00e7\u00e3o do ve\u00edculo, que contar\u00e1 com show da Banda Calcinha Preta, em Capela, 1\u00ba de fevereiro.<\/p>\n\n\n\n<p>A reportagem da Realce trouxe a informa\u00e7\u00e3o ontem, 23, um dia ap\u00f3s o ocorrido. Segundo revista, o governador se recusou e enviou o secret\u00e1rio de comunica\u00e7\u00e3o, Cleon Menezes, para receber o convite.<\/p>\n\n\n\n<p>Estar\u00e3o presentes na inaugura\u00e7\u00e3o representantes do Minist\u00e9rio das Comunica\u00e7\u00f5es e diversas autoridades pol\u00edticas do estado. Com tantas autoridades presentes, era esperado que o governador estivesse prestigiando a inaugura\u00e7\u00e3o da primeira r\u00e1dio do munic\u00edpio.<\/p>\n\n\n\n<p>A Mega FM, primeira r\u00e1dio categoria comercial da hist\u00f3ria de Capela, em sua fase inicial experimental, contar\u00e1 com 3 kW de pot\u00eancia, abrangendo diversas cidades, como Nossa Senhora da Gl\u00f3ria, Propri\u00e1 e Aracaju. O projeto planeja elevar essa pot\u00eancia para 10 kW nos seis meses subsequentes \u00e0 inaugura\u00e7\u00e3o, ampliando sua abrang\u00eancia pelo estado.<\/p>\n\n\n\n<p><\/p>\n\n\n\n<p><\/p>\n\n\n\n<p><\/p>\n\n\n\n<p><\/p>\n\n\n\n<p><\/p>\n","protected":false},"excerpt":{"rendered":"<p>A imagem de perseguidor de F\u00e1bio Mitidieri ganhou mais uma marca, na \u00faltima segunda-feira, 22, quando se recusou a receber o convite da jovem Isadora Sukita, s\u00f3cia da r\u00e1dio Mega FM. O convite seria para a inaugura\u00e7\u00e3o do ve\u00edculo, que contar\u00e1 com show da Banda Calcinha Preta, em Capela, 1\u00ba de fevereiro. A reportagem da [&hellip;]<\/p>\n","protected":false},"author":1,"featured_media":4218,"comment_status":"open","ping_status":"open","sticky":false,"template":"","format":"standard","meta":{"footnotes":""},"categories":[1],"tags":[],"class_list":{"0":"post-4215","1":"post","2":"type-post","3":"status-publish","4":"format-standard","5":"has-post-thumbnail","7":"category-sem-categoria"},"_links":{"self":[{"href":"https:\/\/nordesteimprensa.com.br\/index.php\/wp-json\/wp\/v2\/posts\/4215","targetHints":{"allow":["GET"]}}],"collection":[{"href":"https:\/\/nordesteimprensa.com.br\/index.php\/wp-json\/wp\/v2\/posts"}],"about":[{"href":"https:\/\/nordesteimprensa.com.br\/index.php\/wp-json\/wp\/v2\/types\/post"}],"author":[{"embeddable":true,"href":"https:\/\/nordesteimprensa.com.br\/index.php\/wp-json\/wp\/v2\/users\/1"}],"replies":[{"embeddable":true,"href":"https:\/\/nordesteimprensa.com.br\/index.php\/wp-json\/wp\/v2\/comments?post=4215"}],"version-history":[{"count":1,"href":"https:\/\/nordesteimprensa.com.br\/index.php\/wp-json\/wp\/v2\/posts\/4215\/revisions"}],"predecessor-version":[{"id":4217,"href":"https:\/\/nordesteimprensa.com.br\/index.php\/wp-json\/wp\/v2\/posts\/4215\/revisions\/4217"}],"wp:featuredmedia":[{"embeddable":true,"href":"https:\/\/nordesteimprensa.com.br\/index.php\/wp-json\/wp\/v2\/media\/4218"}],"wp:attachment":[{"href":"https:\/\/nordesteimprensa.com.br\/index.php\/wp-json\/wp\/v2\/media?parent=4215"}],"wp:term":[{"taxonomy":"category","embeddable":true,"href":"https:\/\/nordesteimprensa.com.br\/index.php\/wp-json\/wp\/v2\/categories?post=4215"},{"taxonomy":"post_tag","embeddable":true,"href":"https:\/\/nordesteimprensa.com.br\/index.php\/wp-json\/wp\/v2\/tags?post=4215"}],"curies":[{"name":"wp","href":"https:\/\/api.w.org\/{rel}","templated":true}]}}