{"id":4230,"date":"2024-01-27T11:35:44","date_gmt":"2024-01-27T14:35:44","guid":{"rendered":"https:\/\/nordesteimprensa.com.br\/?p=4230"},"modified":"2024-01-27T11:35:44","modified_gmt":"2024-01-27T14:35:44","slug":"policia-prende-homem-investigado-por-duplo-homicidio","status":"publish","type":"post","link":"https:\/\/nordesteimprensa.com.br\/index.php\/2024\/01\/27\/policia-prende-homem-investigado-por-duplo-homicidio\/","title":{"rendered":"Pol\u00edcia prende homem investigado por duplo homic\u00eddio"},"content":{"rendered":"\n<p>Na \u00faltima quinta-feira, 25, o Departamento de Homic\u00eddios e Prote\u00e7\u00e3o \u00e0 Pessoa (DHPP) cumpriu o mandado de pris\u00e3o preventiva expedido contra o investigado pelo duplo homic\u00eddio que ocorreu no dia 14 de junho de 2023<\/p>\n\n\n\n<p>De acordo com as informa\u00e7\u00f5es policiais, as v\u00edtimas foram mortas quando estavam em uma carro\u00e7a, trafegando pela Rodovia dos N\u00e1ufragos, Zona de Expans\u00e3o.<\/p>\n\n\n\n<p>As investiga\u00e7\u00f5es apuraram que o crime foi praticado para acerto de contas, visto que as v\u00edtimas eram suspeitas de estarem praticando furtos na regi\u00e3o.<\/p>\n\n\n\n<p>O investigado pelo duplo homic\u00eddio j\u00e1 estava preso em raz\u00e3o de mandado de pris\u00e3o tempor\u00e1ria e respectiva renova\u00e7\u00e3o, requeridos pelo DHPP, que contou com apoio do Centro de Opera\u00e7\u00f5es Policiais Especiais (Cope) para prend\u00ea-lo.<\/p>\n\n\n\n<p>O inqu\u00e9rito policial foi conclu\u00eddo e remetido ao Judici\u00e1rio, estando o preso \u00e0 disposi\u00e7\u00e3o da Justi\u00e7a.<\/p>\n\n\n\n<p>Fonte: SSP\/SE<\/p>\n","protected":false},"excerpt":{"rendered":"<p>Na \u00faltima quinta-feira, 25, o Departamento de Homic\u00eddios e Prote\u00e7\u00e3o \u00e0 Pessoa (DHPP) cumpriu o mandado de pris\u00e3o preventiva expedido contra o investigado pelo duplo homic\u00eddio que ocorreu no dia 14 de junho de 2023 De acordo com as informa\u00e7\u00f5es policiais, as v\u00edtimas foram mortas quando estavam em uma carro\u00e7a, trafegando pela Rodovia dos N\u00e1ufragos, [&hellip;]<\/p>\n","protected":false},"author":1,"featured_media":4231,"comment_status":"open","ping_status":"open","sticky":false,"template":"","format":"standard","meta":{"footnotes":""},"categories":[10],"tags":[],"class_list":{"0":"post-4230","1":"post","2":"type-post","3":"status-publish","4":"format-standard","5":"has-post-thumbnail","7":"category-theme-features"},"_links":{"self":[{"href":"https:\/\/nordesteimprensa.com.br\/index.php\/wp-json\/wp\/v2\/posts\/4230","targetHints":{"allow":["GET"]}}],"collection":[{"href":"https:\/\/nordesteimprensa.com.br\/index.php\/wp-json\/wp\/v2\/posts"}],"about":[{"href":"https:\/\/nordesteimprensa.com.br\/index.php\/wp-json\/wp\/v2\/types\/post"}],"author":[{"embeddable":true,"href":"https:\/\/nordesteimprensa.com.br\/index.php\/wp-json\/wp\/v2\/users\/1"}],"replies":[{"embeddable":true,"href":"https:\/\/nordesteimprensa.com.br\/index.php\/wp-json\/wp\/v2\/comments?post=4230"}],"version-history":[{"count":1,"href":"https:\/\/nordesteimprensa.com.br\/index.php\/wp-json\/wp\/v2\/posts\/4230\/revisions"}],"predecessor-version":[{"id":4232,"href":"https:\/\/nordesteimprensa.com.br\/index.php\/wp-json\/wp\/v2\/posts\/4230\/revisions\/4232"}],"wp:featuredmedia":[{"embeddable":true,"href":"https:\/\/nordesteimprensa.com.br\/index.php\/wp-json\/wp\/v2\/media\/4231"}],"wp:attachment":[{"href":"https:\/\/nordesteimprensa.com.br\/index.php\/wp-json\/wp\/v2\/media?parent=4230"}],"wp:term":[{"taxonomy":"category","embeddable":true,"href":"https:\/\/nordesteimprensa.com.br\/index.php\/wp-json\/wp\/v2\/categories?post=4230"},{"taxonomy":"post_tag","embeddable":true,"href":"https:\/\/nordesteimprensa.com.br\/index.php\/wp-json\/wp\/v2\/tags?post=4230"}],"curies":[{"name":"wp","href":"https:\/\/api.w.org\/{rel}","templated":true}]}}