{"id":4233,"date":"2024-01-27T11:37:02","date_gmt":"2024-01-27T14:37:02","guid":{"rendered":"https:\/\/nordesteimprensa.com.br\/?p=4233"},"modified":"2024-02-01T15:56:03","modified_gmt":"2024-02-01T18:56:03","slug":"coronel-mano-faz-visita-ao-delegado-andre-david-na-2o-delegacia-metropolitana","status":"publish","type":"post","link":"https:\/\/nordesteimprensa.com.br\/index.php\/2024\/01\/27\/coronel-mano-faz-visita-ao-delegado-andre-david-na-2o-delegacia-metropolitana\/","title":{"rendered":"Coronel Mano faz visita ao delegado Andr\u00e9 David na 2\u00ba Delegacia Metropolitana"},"content":{"rendered":"\n<p>O coronel Mano, da Pol\u00edcia Militar, realizou uma visita ontem, 26, ao delegado Andr\u00e9 David (Republicanos) na 2\u00aa Delegacia Metropolitana. O encontro foi registrado em suas redes sociais.<\/p>\n\n\n\n<p>Durante a visita, o coronel Mano destacou a compet\u00eancia do delegado que, segundo ele, apresentou n\u00fameros impressionantes de redu\u00e7\u00e3o criminal na \u00e1rea central de Aracaju e bairros adjacentes.<\/p>\n\n\n\n<p>Al\u00e9m da efic\u00e1cia operacional, destacou a excelente rela\u00e7\u00e3o de Andr\u00e9 David com a comunidade, transmitindo confian\u00e7a \u00e0 popula\u00e7\u00e3o na pol\u00edcia.<\/p>\n\n\n\n<p>Ele ainda conclamou a popula\u00e7\u00e3o a confiar e apoiar sempre os policiais. Vale ressaltar que ambos, com vi\u00e9s ideol\u00f3gico semelhante, disputaram uma vaga na C\u00e2mara Federal nas elei\u00e7\u00f5es de 2022. Andr\u00e9 obteve 31.597 votos, enquanto coronel Mano recebeu 6.613 votos.<\/p>\n\n\n\n<p><\/p>\n\n\n\n<p><\/p>\n\n\n\n<p><\/p>\n\n\n\n<p><\/p>\n","protected":false},"excerpt":{"rendered":"<p>O coronel Mano, da Pol\u00edcia Militar, realizou uma visita ontem, 26, ao delegado Andr\u00e9 David (Republicanos) na 2\u00aa Delegacia Metropolitana. O encontro foi registrado em suas redes sociais. Durante a visita, o coronel Mano destacou a compet\u00eancia do delegado que, segundo ele, apresentou n\u00fameros impressionantes de redu\u00e7\u00e3o criminal na \u00e1rea central de Aracaju e bairros [&hellip;]<\/p>\n","protected":false},"author":1,"featured_media":4234,"comment_status":"open","ping_status":"open","sticky":false,"template":"","format":"standard","meta":{"footnotes":""},"categories":[1],"tags":[],"class_list":{"0":"post-4233","1":"post","2":"type-post","3":"status-publish","4":"format-standard","5":"has-post-thumbnail","7":"category-sem-categoria"},"_links":{"self":[{"href":"https:\/\/nordesteimprensa.com.br\/index.php\/wp-json\/wp\/v2\/posts\/4233","targetHints":{"allow":["GET"]}}],"collection":[{"href":"https:\/\/nordesteimprensa.com.br\/index.php\/wp-json\/wp\/v2\/posts"}],"about":[{"href":"https:\/\/nordesteimprensa.com.br\/index.php\/wp-json\/wp\/v2\/types\/post"}],"author":[{"embeddable":true,"href":"https:\/\/nordesteimprensa.com.br\/index.php\/wp-json\/wp\/v2\/users\/1"}],"replies":[{"embeddable":true,"href":"https:\/\/nordesteimprensa.com.br\/index.php\/wp-json\/wp\/v2\/comments?post=4233"}],"version-history":[{"count":1,"href":"https:\/\/nordesteimprensa.com.br\/index.php\/wp-json\/wp\/v2\/posts\/4233\/revisions"}],"predecessor-version":[{"id":4235,"href":"https:\/\/nordesteimprensa.com.br\/index.php\/wp-json\/wp\/v2\/posts\/4233\/revisions\/4235"}],"wp:featuredmedia":[{"embeddable":true,"href":"https:\/\/nordesteimprensa.com.br\/index.php\/wp-json\/wp\/v2\/media\/4234"}],"wp:attachment":[{"href":"https:\/\/nordesteimprensa.com.br\/index.php\/wp-json\/wp\/v2\/media?parent=4233"}],"wp:term":[{"taxonomy":"category","embeddable":true,"href":"https:\/\/nordesteimprensa.com.br\/index.php\/wp-json\/wp\/v2\/categories?post=4233"},{"taxonomy":"post_tag","embeddable":true,"href":"https:\/\/nordesteimprensa.com.br\/index.php\/wp-json\/wp\/v2\/tags?post=4233"}],"curies":[{"name":"wp","href":"https:\/\/api.w.org\/{rel}","templated":true}]}}