{"id":4236,"date":"2024-02-01T15:54:18","date_gmt":"2024-02-01T18:54:18","guid":{"rendered":"https:\/\/nordesteimprensa.com.br\/?p=4236"},"modified":"2024-02-01T15:54:18","modified_gmt":"2024-02-01T18:54:18","slug":"mulher-encontrada-em-area-de-vegetacao-em-se-pode-ter-forjado-crime-diz-policia","status":"publish","type":"post","link":"https:\/\/nordesteimprensa.com.br\/index.php\/2024\/02\/01\/mulher-encontrada-em-area-de-vegetacao-em-se-pode-ter-forjado-crime-diz-policia\/","title":{"rendered":"Mulher encontrada em \u00e1rea de vegeta\u00e7\u00e3o em SE pode ter forjado crime, diz pol\u00edcia"},"content":{"rendered":"\n<p>A mulher que foi&nbsp;encontrada, no \u00faltimo domingo, 28, em uma \u00e1rea de vegeta\u00e7\u00e3o, no munic\u00edpio de Canind\u00e9 de S\u00e3o Francisco, pode responder pelos crimes de comunica\u00e7\u00e3o falsa e denuncia\u00e7\u00e3o caluniosa. A informa\u00e7\u00e3o foi divulgada pela Pol\u00edcia Civil na \u00faltima quarta-feira, 31. Quando encontrada, ela disse que teria sido mantida em cativeiro pelo ex-namorado, mas a pol\u00edcia encontrou contradi\u00e7\u00f5es no caso.<\/p>\n\n\n\n<p>O inqu\u00e9rito est\u00e1 em andamento na delegacia regional de Itabaiana, onde a m\u00e3e da jovem registrou um boletim de ocorr\u00eancia no dia 13 de janeiro, informando sobre o desaparecimento da filha.<\/p>\n\n\n\n<p>Ao tomar ci\u00eancia de que a mulher tinha sido encontrada, o delegado de Itabaiana, Edv\u00e2nio Dantas, identificou sinais de uma poss\u00edvel fraude e pediu o apoio do delegado de&nbsp;Canind\u00e9 de S\u00e3o Francisco, Douglas Lucena, que foi ao hospital onde a suposta v\u00edtima estava e colheu o depoimento do m\u00e9dico que ofereceu os primeiros socorros.<\/p>\n\n\n\n<p>\u201cO m\u00e9dico nos relatou situa\u00e7\u00f5es que chamaram a sua aten\u00e7\u00e3o\u201d, explicou o delegado Douglas Lucena, de Canind\u00e9 de S\u00e3o Francisco.<\/p>\n\n\n\n<p>Segundo a Pol\u00edcia Civil, imagens de c\u00e2meras de seguran\u00e7a permitiram identificar que a mulher circulava em estabelecimentos comerciais, mesmo durante o per\u00edodo do suposto desaparecimento.<\/p>\n\n\n\n<p>\u201cSegundo a jovem, o cativeiro era em local a c\u00e9u aberto, na cidade de Canind\u00e9, onde ela estava exposta ao sol e \u00e0 noite e, durante os 15 dias, ela ficou sem nenhuma alimenta\u00e7\u00e3o, por\u00e9m n\u00e3o tinha nenhum sinal de desidrata\u00e7\u00e3o e n\u00e3o existiam sinais de picadas de mosquito e sequer insola\u00e7\u00e3o em sua pele. Inclusive, n\u00e3o existiam os hematomas que configurassem a narrativa apresentada pela jovem, de que foi mantida amarrada pelas pernas e m\u00e3os durante os 15 dias pelo namorado\u201d, relatou o delegado Edv\u00e2nio Dantas.<\/p>\n\n\n\n<p>Fonte: G1 SE<\/p>\n\n\n\n<p><\/p>\n\n\n\n<p><\/p>\n\n\n\n<p><\/p>\n\n\n\n<p><\/p>\n\n\n\n<p><\/p>\n","protected":false},"excerpt":{"rendered":"<p>A mulher que foi&nbsp;encontrada, no \u00faltimo domingo, 28, em uma \u00e1rea de vegeta\u00e7\u00e3o, no munic\u00edpio de Canind\u00e9 de S\u00e3o Francisco, pode responder pelos crimes de comunica\u00e7\u00e3o falsa e denuncia\u00e7\u00e3o caluniosa. A informa\u00e7\u00e3o foi divulgada pela Pol\u00edcia Civil na \u00faltima quarta-feira, 31. Quando encontrada, ela disse que teria sido mantida em cativeiro pelo ex-namorado, mas a [&hellip;]<\/p>\n","protected":false},"author":1,"featured_media":4237,"comment_status":"open","ping_status":"open","sticky":false,"template":"","format":"standard","meta":{"footnotes":""},"categories":[10],"tags":[],"class_list":{"0":"post-4236","1":"post","2":"type-post","3":"status-publish","4":"format-standard","5":"has-post-thumbnail","7":"category-theme-features"},"_links":{"self":[{"href":"https:\/\/nordesteimprensa.com.br\/index.php\/wp-json\/wp\/v2\/posts\/4236","targetHints":{"allow":["GET"]}}],"collection":[{"href":"https:\/\/nordesteimprensa.com.br\/index.php\/wp-json\/wp\/v2\/posts"}],"about":[{"href":"https:\/\/nordesteimprensa.com.br\/index.php\/wp-json\/wp\/v2\/types\/post"}],"author":[{"embeddable":true,"href":"https:\/\/nordesteimprensa.com.br\/index.php\/wp-json\/wp\/v2\/users\/1"}],"replies":[{"embeddable":true,"href":"https:\/\/nordesteimprensa.com.br\/index.php\/wp-json\/wp\/v2\/comments?post=4236"}],"version-history":[{"count":1,"href":"https:\/\/nordesteimprensa.com.br\/index.php\/wp-json\/wp\/v2\/posts\/4236\/revisions"}],"predecessor-version":[{"id":4238,"href":"https:\/\/nordesteimprensa.com.br\/index.php\/wp-json\/wp\/v2\/posts\/4236\/revisions\/4238"}],"wp:featuredmedia":[{"embeddable":true,"href":"https:\/\/nordesteimprensa.com.br\/index.php\/wp-json\/wp\/v2\/media\/4237"}],"wp:attachment":[{"href":"https:\/\/nordesteimprensa.com.br\/index.php\/wp-json\/wp\/v2\/media?parent=4236"}],"wp:term":[{"taxonomy":"category","embeddable":true,"href":"https:\/\/nordesteimprensa.com.br\/index.php\/wp-json\/wp\/v2\/categories?post=4236"},{"taxonomy":"post_tag","embeddable":true,"href":"https:\/\/nordesteimprensa.com.br\/index.php\/wp-json\/wp\/v2\/tags?post=4236"}],"curies":[{"name":"wp","href":"https:\/\/api.w.org\/{rel}","templated":true}]}}