{"id":4239,"date":"2024-02-01T15:55:52","date_gmt":"2024-02-01T18:55:52","guid":{"rendered":"https:\/\/nordesteimprensa.com.br\/?p=4239"},"modified":"2024-02-01T15:55:52","modified_gmt":"2024-02-01T18:55:52","slug":"calor-acima-da-media-e-carnaval-com-chuva-veja-a-previsao-para-o-mes-de-fevereiro","status":"publish","type":"post","link":"https:\/\/nordesteimprensa.com.br\/index.php\/2024\/02\/01\/calor-acima-da-media-e-carnaval-com-chuva-veja-a-previsao-para-o-mes-de-fevereiro\/","title":{"rendered":"Calor acima da m\u00e9dia e carnaval com chuva: veja a previs\u00e3o para o m\u00eas de fevereiro"},"content":{"rendered":"\n<p><strong>Fevereiro&nbsp;<\/strong>come\u00e7a nesta quinta-feira (1\u00ba) com previs\u00e3o de&nbsp;<strong>altas temperaturas e chuva acima da m\u00e9dia&nbsp;<\/strong>ao longo do m\u00eas. De acordo com os meteorologistas, o&nbsp;<strong>carnaval&nbsp;<\/strong>tamb\u00e9m deve ter&nbsp;<strong>tempo inst\u00e1vel<\/strong>, com chuva em boa parte do pa\u00eds.&nbsp;<\/p>\n\n\n\n<p>\ud83d\udd25 O Brasil ainda est\u00e1 sob forte influ\u00eancia do&nbsp;<a class=\"\" href=\"https:\/\/g1.globo.com\/tudo-sobre\/el-nino\/\">El Ni\u00f1o<\/a>&nbsp;, fen\u00f4meno caracterizado pelo aquecimento das \u00e1guas do Oceano Pac\u00edfico. Quando esse evento clim\u00e1tico est\u00e1 atuando, o&nbsp;<strong>calor fica ainda mais acentuado no ver\u00e3o<\/strong>. A expectativa \u00e9 que ele comece a perder for\u00e7a ao longo do m\u00eas.&nbsp;<\/p>\n\n\n\n<p><\/p>\n\n\n\n<p>Segundo Andrea Ramos, meteorologista do Instituto Nacional de Meteorologia (<a class=\"\" href=\"https:\/\/g1.globo.com\/tudo-sobre\/inmet\/\">Inmet<\/a>), somente o&nbsp;<strong>Norte&nbsp;<\/strong>e os estados de&nbsp;<strong>Mato Grosso e Goi\u00e1s<\/strong>&nbsp;devem ter&nbsp;<strong>chuva abaixo da m\u00e9dia<\/strong>. Nas&nbsp;<strong>demais regi\u00f5es<\/strong>, a tend\u00eancia \u00e9 de&nbsp;<strong>volumes acima da m\u00e9dia<\/strong>&nbsp;no segundo m\u00eas do ano.&nbsp;<\/p>\n\n\n\n<p>No&nbsp;<strong>Sudeste<\/strong>, de acordo com a Climatempo, pancadas de chuvas devem provocar transtornos na&nbsp;<strong>Grande S\u00e3o Paulo, no Rio de Janeiro e na Grande Belo Horizonte<\/strong>.&nbsp;<\/p>\n\n\n\n<h2 class=\"wp-block-heading\">Carnaval com chuva<\/h2>\n\n\n\n<p>Como o previsto para boa parte do m\u00eas, o&nbsp;<strong>carnaval&nbsp;<\/strong>pode ter&nbsp;<strong>per\u00edodos de chuva&nbsp;<\/strong>em quase todas as regi\u00f5es. A meteorologista Andrea Ramos destaca que a&nbsp;<strong>chuvas mais intensas&nbsp;<\/strong>devem ficar&nbsp;<strong>concentradas no centro-norte<\/strong>&nbsp;do pa\u00eds.&nbsp;<\/p>\n\n\n\n<p>A porta-voz da Climatempo, Maria Clara Sassaki, pontua que a previs\u00e3o \u00e9 de tempo inst\u00e1vel para a pr\u00f3xima semana, o que deve se estender at\u00e9 o carnaval.<\/p>\n\n\n\n<p>Fonte: G1 <\/p>\n\n\n\n<p><\/p>\n\n\n\n<p><\/p>\n\n\n\n<p><\/p>\n\n\n\n<p><\/p>\n","protected":false},"excerpt":{"rendered":"<p>Fevereiro&nbsp;come\u00e7a nesta quinta-feira (1\u00ba) com previs\u00e3o de&nbsp;altas temperaturas e chuva acima da m\u00e9dia&nbsp;ao longo do m\u00eas. De acordo com os meteorologistas, o&nbsp;carnaval&nbsp;tamb\u00e9m deve ter&nbsp;tempo inst\u00e1vel, com chuva em boa parte do pa\u00eds.&nbsp; \ud83d\udd25 O Brasil ainda est\u00e1 sob forte influ\u00eancia do&nbsp;El Ni\u00f1o&nbsp;, fen\u00f4meno caracterizado pelo aquecimento das \u00e1guas do Oceano Pac\u00edfico. Quando esse evento clim\u00e1tico [&hellip;]<\/p>\n","protected":false},"author":1,"featured_media":4240,"comment_status":"open","ping_status":"open","sticky":false,"template":"","format":"standard","meta":{"footnotes":""},"categories":[10],"tags":[],"class_list":{"0":"post-4239","1":"post","2":"type-post","3":"status-publish","4":"format-standard","5":"has-post-thumbnail","7":"category-theme-features"},"_links":{"self":[{"href":"https:\/\/nordesteimprensa.com.br\/index.php\/wp-json\/wp\/v2\/posts\/4239","targetHints":{"allow":["GET"]}}],"collection":[{"href":"https:\/\/nordesteimprensa.com.br\/index.php\/wp-json\/wp\/v2\/posts"}],"about":[{"href":"https:\/\/nordesteimprensa.com.br\/index.php\/wp-json\/wp\/v2\/types\/post"}],"author":[{"embeddable":true,"href":"https:\/\/nordesteimprensa.com.br\/index.php\/wp-json\/wp\/v2\/users\/1"}],"replies":[{"embeddable":true,"href":"https:\/\/nordesteimprensa.com.br\/index.php\/wp-json\/wp\/v2\/comments?post=4239"}],"version-history":[{"count":1,"href":"https:\/\/nordesteimprensa.com.br\/index.php\/wp-json\/wp\/v2\/posts\/4239\/revisions"}],"predecessor-version":[{"id":4241,"href":"https:\/\/nordesteimprensa.com.br\/index.php\/wp-json\/wp\/v2\/posts\/4239\/revisions\/4241"}],"wp:featuredmedia":[{"embeddable":true,"href":"https:\/\/nordesteimprensa.com.br\/index.php\/wp-json\/wp\/v2\/media\/4240"}],"wp:attachment":[{"href":"https:\/\/nordesteimprensa.com.br\/index.php\/wp-json\/wp\/v2\/media?parent=4239"}],"wp:term":[{"taxonomy":"category","embeddable":true,"href":"https:\/\/nordesteimprensa.com.br\/index.php\/wp-json\/wp\/v2\/categories?post=4239"},{"taxonomy":"post_tag","embeddable":true,"href":"https:\/\/nordesteimprensa.com.br\/index.php\/wp-json\/wp\/v2\/tags?post=4239"}],"curies":[{"name":"wp","href":"https:\/\/api.w.org\/{rel}","templated":true}]}}