{"id":4242,"date":"2024-02-01T15:57:17","date_gmt":"2024-02-01T18:57:17","guid":{"rendered":"https:\/\/nordesteimprensa.com.br\/?p=4242"},"modified":"2024-02-01T15:57:17","modified_gmt":"2024-02-01T18:57:17","slug":"tenho-dedicado-minha-juventude-no-servico-a-minha-cidade-diz-gabriella-de-lica","status":"publish","type":"post","link":"https:\/\/nordesteimprensa.com.br\/index.php\/2024\/02\/01\/tenho-dedicado-minha-juventude-no-servico-a-minha-cidade-diz-gabriella-de-lica\/","title":{"rendered":"&#8220;Tenho dedicado minha juventude no servi\u00e7o \u00e0 minha cidade\u201d, diz Gabriella de Lica"},"content":{"rendered":"\n<p>No cen\u00e1rio pol\u00edtico de Itabi, uma nova lideran\u00e7a surge com determina\u00e7\u00e3o e compromisso. &#8220;Tenho dedicado minha juventude no servi\u00e7o \u00e0 minha cidade, renovando diariamente meu compromisso de cuidar das pessoas&#8221;, declara Gabriella de Lica, cirurgi\u00e3-dentista e esposa do deputado estadual Neto Batalha (PP), que desponta como pr\u00e9-candidata a prefeita da cidade.<\/p>\n\n\n\n<p>Ap\u00f3s Enid de Dona Lica passar o bast\u00e3o, Gabriella emerge como a pr\u00e9-candidata a prefeita, consolidando a lideran\u00e7a que sua m\u00e3e vinha construindo para as elei\u00e7\u00f5es de 2024.<\/p>\n\n\n\n<p>A jovem demonstra determina\u00e7\u00e3o ao intensificar suas movimenta\u00e7\u00f5es pol\u00edticas. Al\u00e9m de se encontrar com lideran\u00e7as locais para alinhar estrat\u00e9gias, a pr\u00e9-candidata tem marcado presen\u00e7a nas redes sociais, estreitando o di\u00e1logo com os eleitores e compartilhando suas propostas para o desenvolvimento de Itabi.<\/p>\n\n\n\n<p>Essa abordagem, combinada com a experi\u00eancia familiar e o respaldo do grupo pol\u00edtico, posiciona Gabriella como uma figura de destaque na corrida eleitoral. Com um compromisso renovado e uma vis\u00e3o voltada para o servi\u00e7o \u00e0 comunidade, ela se apresenta como uma voz promissora para o futuro de Itabi.<\/p>\n\n\n\n<p><\/p>\n\n\n\n<p><\/p>\n\n\n\n<p><\/p>\n","protected":false},"excerpt":{"rendered":"<p>No cen\u00e1rio pol\u00edtico de Itabi, uma nova lideran\u00e7a surge com determina\u00e7\u00e3o e compromisso. &#8220;Tenho dedicado minha juventude no servi\u00e7o \u00e0 minha cidade, renovando diariamente meu compromisso de cuidar das pessoas&#8221;, declara Gabriella de Lica, cirurgi\u00e3-dentista e esposa do deputado estadual Neto Batalha (PP), que desponta como pr\u00e9-candidata a prefeita da cidade. Ap\u00f3s Enid de Dona [&hellip;]<\/p>\n","protected":false},"author":1,"featured_media":4243,"comment_status":"open","ping_status":"open","sticky":false,"template":"","format":"standard","meta":{"footnotes":""},"categories":[10],"tags":[],"class_list":{"0":"post-4242","1":"post","2":"type-post","3":"status-publish","4":"format-standard","5":"has-post-thumbnail","7":"category-theme-features"},"_links":{"self":[{"href":"https:\/\/nordesteimprensa.com.br\/index.php\/wp-json\/wp\/v2\/posts\/4242","targetHints":{"allow":["GET"]}}],"collection":[{"href":"https:\/\/nordesteimprensa.com.br\/index.php\/wp-json\/wp\/v2\/posts"}],"about":[{"href":"https:\/\/nordesteimprensa.com.br\/index.php\/wp-json\/wp\/v2\/types\/post"}],"author":[{"embeddable":true,"href":"https:\/\/nordesteimprensa.com.br\/index.php\/wp-json\/wp\/v2\/users\/1"}],"replies":[{"embeddable":true,"href":"https:\/\/nordesteimprensa.com.br\/index.php\/wp-json\/wp\/v2\/comments?post=4242"}],"version-history":[{"count":1,"href":"https:\/\/nordesteimprensa.com.br\/index.php\/wp-json\/wp\/v2\/posts\/4242\/revisions"}],"predecessor-version":[{"id":4244,"href":"https:\/\/nordesteimprensa.com.br\/index.php\/wp-json\/wp\/v2\/posts\/4242\/revisions\/4244"}],"wp:featuredmedia":[{"embeddable":true,"href":"https:\/\/nordesteimprensa.com.br\/index.php\/wp-json\/wp\/v2\/media\/4243"}],"wp:attachment":[{"href":"https:\/\/nordesteimprensa.com.br\/index.php\/wp-json\/wp\/v2\/media?parent=4242"}],"wp:term":[{"taxonomy":"category","embeddable":true,"href":"https:\/\/nordesteimprensa.com.br\/index.php\/wp-json\/wp\/v2\/categories?post=4242"},{"taxonomy":"post_tag","embeddable":true,"href":"https:\/\/nordesteimprensa.com.br\/index.php\/wp-json\/wp\/v2\/tags?post=4242"}],"curies":[{"name":"wp","href":"https:\/\/api.w.org\/{rel}","templated":true}]}}