{"id":4245,"date":"2024-02-03T12:50:11","date_gmt":"2024-02-03T15:50:11","guid":{"rendered":"https:\/\/nordesteimprensa.com.br\/?p=4245"},"modified":"2024-02-03T12:50:12","modified_gmt":"2024-02-03T15:50:12","slug":"criminosos-invadem-fabrica-de-cimento-e-trocam-tiros-com-a-policia-em-laranjeiras","status":"publish","type":"post","link":"https:\/\/nordesteimprensa.com.br\/index.php\/2024\/02\/03\/criminosos-invadem-fabrica-de-cimento-e-trocam-tiros-com-a-policia-em-laranjeiras\/","title":{"rendered":"Criminosos invadem f\u00e1brica de cimento e trocam tiros com a pol\u00edcia em Laranjeiras"},"content":{"rendered":"\n<p>Uma f\u00e1brica de cimentos localizada na Zona Rural do munic\u00edpio de&nbsp;<a class=\"\" href=\"https:\/\/g1.globo.com\/se\/sergipe\/cidade\/laranjeiras-se\/\">Laranjeiras<\/a>&nbsp;foi invadida por criminosos na madrugada deste s\u00e1bado (3). A Pol\u00edcia Militar atendeu a ocorr\u00eancia.&nbsp;<\/p>\n\n\n\n<p><\/p>\n\n\n\n<p>O grupo trocou tiros com a pol\u00edcia e fugiu por uma \u00e1rea de mata pr\u00f3xima \u00e0 empresa. Durante as buscas, tiros foram disparados em uma das guaritas da f\u00e1brica.&nbsp;<\/p>\n\n\n\n<p>Objetos dos criminosos, incluindo mochilas e um celular, foram localizados na mata pelos policiais. Cabos tamb\u00e9m foram encontrados.&nbsp;<\/p>\n\n\n\n<blockquote class=\"wp-block-quote is-layout-flow wp-block-quote-is-layout-flow\">\n<p>\u201cNesse celular tem v\u00e1rias conversas deles tramando essa invas\u00e3o \u00e0 f\u00e1brica. Tem nomes, fotos. Com certeza chegaremos a todos os autores\u201d, disse o comandante da PM do munic\u00edpio, capit\u00e3o Cl\u00e1udio Silvestre.<\/p>\n<\/blockquote>\n\n\n\n<p>Ningu\u00e9m foi preso at\u00e9 a \u00faltima atualiza\u00e7\u00e3o desta reportagem. Tamb\u00e9m n\u00e3o h\u00e1 informa\u00e7\u00f5es sobre feridos. A Pol\u00edcia Civil ir\u00e1 investigar o caso.&nbsp;<\/p>\n","protected":false},"excerpt":{"rendered":"<p>Uma f\u00e1brica de cimentos localizada na Zona Rural do munic\u00edpio de&nbsp;Laranjeiras&nbsp;foi invadida por criminosos na madrugada deste s\u00e1bado (3). A Pol\u00edcia Militar atendeu a ocorr\u00eancia.&nbsp; O grupo trocou tiros com a pol\u00edcia e fugiu por uma \u00e1rea de mata pr\u00f3xima \u00e0 empresa. Durante as buscas, tiros foram disparados em uma das guaritas da f\u00e1brica.&nbsp; Objetos [&hellip;]<\/p>\n","protected":false},"author":1,"featured_media":4246,"comment_status":"open","ping_status":"open","sticky":false,"template":"","format":"standard","meta":{"footnotes":""},"categories":[10],"tags":[],"class_list":{"0":"post-4245","1":"post","2":"type-post","3":"status-publish","4":"format-standard","5":"has-post-thumbnail","7":"category-theme-features"},"_links":{"self":[{"href":"https:\/\/nordesteimprensa.com.br\/index.php\/wp-json\/wp\/v2\/posts\/4245","targetHints":{"allow":["GET"]}}],"collection":[{"href":"https:\/\/nordesteimprensa.com.br\/index.php\/wp-json\/wp\/v2\/posts"}],"about":[{"href":"https:\/\/nordesteimprensa.com.br\/index.php\/wp-json\/wp\/v2\/types\/post"}],"author":[{"embeddable":true,"href":"https:\/\/nordesteimprensa.com.br\/index.php\/wp-json\/wp\/v2\/users\/1"}],"replies":[{"embeddable":true,"href":"https:\/\/nordesteimprensa.com.br\/index.php\/wp-json\/wp\/v2\/comments?post=4245"}],"version-history":[{"count":1,"href":"https:\/\/nordesteimprensa.com.br\/index.php\/wp-json\/wp\/v2\/posts\/4245\/revisions"}],"predecessor-version":[{"id":4247,"href":"https:\/\/nordesteimprensa.com.br\/index.php\/wp-json\/wp\/v2\/posts\/4245\/revisions\/4247"}],"wp:featuredmedia":[{"embeddable":true,"href":"https:\/\/nordesteimprensa.com.br\/index.php\/wp-json\/wp\/v2\/media\/4246"}],"wp:attachment":[{"href":"https:\/\/nordesteimprensa.com.br\/index.php\/wp-json\/wp\/v2\/media?parent=4245"}],"wp:term":[{"taxonomy":"category","embeddable":true,"href":"https:\/\/nordesteimprensa.com.br\/index.php\/wp-json\/wp\/v2\/categories?post=4245"},{"taxonomy":"post_tag","embeddable":true,"href":"https:\/\/nordesteimprensa.com.br\/index.php\/wp-json\/wp\/v2\/tags?post=4245"}],"curies":[{"name":"wp","href":"https:\/\/api.w.org\/{rel}","templated":true}]}}