{"id":4249,"date":"2024-02-03T12:52:41","date_gmt":"2024-02-03T15:52:41","guid":{"rendered":"https:\/\/nordesteimprensa.com.br\/?p=4249"},"modified":"2024-02-03T12:52:41","modified_gmt":"2024-02-03T15:52:41","slug":"policia-civil-de-lagarto-recupera-carreta-e-semi-reboque-no-para","status":"publish","type":"post","link":"https:\/\/nordesteimprensa.com.br\/index.php\/2024\/02\/03\/policia-civil-de-lagarto-recupera-carreta-e-semi-reboque-no-para\/","title":{"rendered":"Pol\u00edcia Civil de Lagarto recupera carreta e semi-reboque no Par\u00e1"},"content":{"rendered":"\n<p>A Delegacia Regional de Lagarto divulgou nesta sexta-feira, 2, que recuperou no estado do Par\u00e1 uma carreta e um semi-reboque ba\u00fa, objetos de apropria\u00e7\u00e3o ind\u00e9bita ocorrida na cidade de Lagarto A opera\u00e7\u00e3o contou com o apoio da divis\u00e3o de crimes patrimoniais de Lagarto e da Pol\u00edcia Civil do Par\u00e1.<\/p>\n\n\n\n<p>Segundo investiga\u00e7\u00f5es policiais, os ve\u00edculos est\u00e3o avaliados em aproximadamente R$ 400 mil e teriam sido locados a uma v\u00edtima de Lagarto, sendo que o locat\u00e1rio sumiu com os ve\u00edculos, retirando os rastreadores deles, e, em seguida, vendendo-os. A apreens\u00e3o ocorreu no munic\u00edpio de Ananindeua, no Par\u00e1.<\/p>\n\n\n\n<p>De acordo com o delegado respons\u00e1vel pelo caso, Bruno Alc\u00e2ntara, o material foi recuperado em meio ao trabalho investigativo da Pol\u00edcia Civil sergipana. \u201cAp\u00f3s a localiza\u00e7\u00e3o do ve\u00edculo, durante as dilig\u00eancias, representamos pela busca e apreens\u00e3o dos referidos ve\u00edculos, que estavam escondidos em um galp\u00e3o na cidade Ananindeua, no Par\u00e1, e, no dia de hoje, foi dado cumprimento aos mandados de busca e apreens\u00e3o dos ve\u00edculos, que ser\u00e3o&nbsp;entregues \u00e0 v\u00edtima\u201d, informou.<\/p>\n\n\n\n<p>Fonte: Pol\u00edcia Civil<\/p>\n","protected":false},"excerpt":{"rendered":"<p>A Delegacia Regional de Lagarto divulgou nesta sexta-feira, 2, que recuperou no estado do Par\u00e1 uma carreta e um semi-reboque ba\u00fa, objetos de apropria\u00e7\u00e3o ind\u00e9bita ocorrida na cidade de Lagarto A opera\u00e7\u00e3o contou com o apoio da divis\u00e3o de crimes patrimoniais de Lagarto e da Pol\u00edcia Civil do Par\u00e1. Segundo investiga\u00e7\u00f5es policiais, os ve\u00edculos est\u00e3o [&hellip;]<\/p>\n","protected":false},"author":1,"featured_media":4250,"comment_status":"open","ping_status":"open","sticky":false,"template":"","format":"standard","meta":{"footnotes":""},"categories":[10],"tags":[],"class_list":{"0":"post-4249","1":"post","2":"type-post","3":"status-publish","4":"format-standard","5":"has-post-thumbnail","7":"category-theme-features"},"_links":{"self":[{"href":"https:\/\/nordesteimprensa.com.br\/index.php\/wp-json\/wp\/v2\/posts\/4249","targetHints":{"allow":["GET"]}}],"collection":[{"href":"https:\/\/nordesteimprensa.com.br\/index.php\/wp-json\/wp\/v2\/posts"}],"about":[{"href":"https:\/\/nordesteimprensa.com.br\/index.php\/wp-json\/wp\/v2\/types\/post"}],"author":[{"embeddable":true,"href":"https:\/\/nordesteimprensa.com.br\/index.php\/wp-json\/wp\/v2\/users\/1"}],"replies":[{"embeddable":true,"href":"https:\/\/nordesteimprensa.com.br\/index.php\/wp-json\/wp\/v2\/comments?post=4249"}],"version-history":[{"count":1,"href":"https:\/\/nordesteimprensa.com.br\/index.php\/wp-json\/wp\/v2\/posts\/4249\/revisions"}],"predecessor-version":[{"id":4251,"href":"https:\/\/nordesteimprensa.com.br\/index.php\/wp-json\/wp\/v2\/posts\/4249\/revisions\/4251"}],"wp:featuredmedia":[{"embeddable":true,"href":"https:\/\/nordesteimprensa.com.br\/index.php\/wp-json\/wp\/v2\/media\/4250"}],"wp:attachment":[{"href":"https:\/\/nordesteimprensa.com.br\/index.php\/wp-json\/wp\/v2\/media?parent=4249"}],"wp:term":[{"taxonomy":"category","embeddable":true,"href":"https:\/\/nordesteimprensa.com.br\/index.php\/wp-json\/wp\/v2\/categories?post=4249"},{"taxonomy":"post_tag","embeddable":true,"href":"https:\/\/nordesteimprensa.com.br\/index.php\/wp-json\/wp\/v2\/tags?post=4249"}],"curies":[{"name":"wp","href":"https:\/\/api.w.org\/{rel}","templated":true}]}}