{"id":4252,"date":"2024-02-03T12:54:49","date_gmt":"2024-02-03T15:54:49","guid":{"rendered":"https:\/\/nordesteimprensa.com.br\/?p=4252"},"modified":"2024-02-03T12:54:49","modified_gmt":"2024-02-03T15:54:49","slug":"um-novo-capitulo-para-cristinapolis-construcao-da-quadra-poliesportiva-no-bairro-sao-francisco","status":"publish","type":"post","link":"https:\/\/nordesteimprensa.com.br\/index.php\/2024\/02\/03\/um-novo-capitulo-para-cristinapolis-construcao-da-quadra-poliesportiva-no-bairro-sao-francisco\/","title":{"rendered":"Um Novo Cap\u00edtulo para Cristin\u00e1polis: Constru\u00e7\u00e3o da Quadra Poliesportiva no Bairro S\u00e3o Francisco"},"content":{"rendered":"\n<p>Na tarde memor\u00e1vel de ontem, Cristin\u00e1polis celebrou um marco significativo para toda a comunidade. A assinatura da Ordem de Servi\u00e7o para a Constru\u00e7\u00e3o da Quadra Poliesportiva no Bairro S\u00e3o Francisco n\u00e3o apenas inaugura uma era promissora de esporte e lazer, mas tamb\u00e9m simboliza a continuidade de um compromisso profundo com o progresso.<\/p>\n\n\n\n<p>O projeto, iniciado durante o \u00faltimo mandato do Padre Raimundo (in memoriam), reflete o empenho coletivo em promover o desenvolvimento e a inclus\u00e3o em nossa cidade. Com um investimento expressivo de quase 600 mil reais, esta iniciativa \u00e9 mais do que uma constru\u00e7\u00e3o f\u00edsica; \u00e9 um testemunho do poder da colabora\u00e7\u00e3o e da dedica\u00e7\u00e3o em prol do bem-estar de todos os cidad\u00e3os.<\/p>\n\n\n\n<figure class=\"wp-block-gallery has-nested-images columns-default is-cropped wp-block-gallery-1 is-layout-flex wp-block-gallery-is-layout-flex\">\n<figure class=\"wp-block-image size-large\"><img loading=\"lazy\" decoding=\"async\" width=\"1024\" height=\"577\" data-id=\"4254\" src=\"https:\/\/nordesteimprensa.com.br\/wp-content\/uploads\/2024\/02\/f36b5822-8fe0-4063-adb9-be6e958199d5-1024x577.jpeg\" alt=\"\" class=\"wp-image-4254\" srcset=\"https:\/\/nordesteimprensa.com.br\/wp-content\/uploads\/2024\/02\/f36b5822-8fe0-4063-adb9-be6e958199d5-1024x577.jpeg 1024w, https:\/\/nordesteimprensa.com.br\/wp-content\/uploads\/2024\/02\/f36b5822-8fe0-4063-adb9-be6e958199d5-300x169.jpeg 300w, https:\/\/nordesteimprensa.com.br\/wp-content\/uploads\/2024\/02\/f36b5822-8fe0-4063-adb9-be6e958199d5-768x433.jpeg 768w, https:\/\/nordesteimprensa.com.br\/wp-content\/uploads\/2024\/02\/f36b5822-8fe0-4063-adb9-be6e958199d5-1536x866.jpeg 1536w, https:\/\/nordesteimprensa.com.br\/wp-content\/uploads\/2024\/02\/f36b5822-8fe0-4063-adb9-be6e958199d5.jpeg 1600w\" sizes=\"auto, (max-width: 1024px) 100vw, 1024px\" \/><\/figure>\n\n\n\n<figure class=\"wp-block-image size-large\"><img loading=\"lazy\" decoding=\"async\" width=\"1024\" height=\"576\" data-id=\"4255\" src=\"https:\/\/nordesteimprensa.com.br\/wp-content\/uploads\/2024\/02\/5e5ec37e-1878-4fbc-a1fd-e4a64565badf-1024x576.jpeg\" alt=\"\" class=\"wp-image-4255\" srcset=\"https:\/\/nordesteimprensa.com.br\/wp-content\/uploads\/2024\/02\/5e5ec37e-1878-4fbc-a1fd-e4a64565badf-1024x576.jpeg 1024w, https:\/\/nordesteimprensa.com.br\/wp-content\/uploads\/2024\/02\/5e5ec37e-1878-4fbc-a1fd-e4a64565badf-300x169.jpeg 300w, https:\/\/nordesteimprensa.com.br\/wp-content\/uploads\/2024\/02\/5e5ec37e-1878-4fbc-a1fd-e4a64565badf-768x432.jpeg 768w, https:\/\/nordesteimprensa.com.br\/wp-content\/uploads\/2024\/02\/5e5ec37e-1878-4fbc-a1fd-e4a64565badf-1536x864.jpeg 1536w, https:\/\/nordesteimprensa.com.br\/wp-content\/uploads\/2024\/02\/5e5ec37e-1878-4fbc-a1fd-e4a64565badf.jpeg 1600w\" sizes=\"auto, (max-width: 1024px) 100vw, 1024px\" \/><\/figure>\n<\/figure>\n\n\n\n<p><\/p>\n\n\n\n<p><\/p>\n\n\n\n<p><\/p>\n","protected":false},"excerpt":{"rendered":"<p>Na tarde memor\u00e1vel de ontem, Cristin\u00e1polis celebrou um marco significativo para toda a comunidade. A assinatura da Ordem de Servi\u00e7o para a Constru\u00e7\u00e3o da Quadra Poliesportiva no Bairro S\u00e3o Francisco n\u00e3o apenas inaugura uma era promissora de esporte e lazer, mas tamb\u00e9m simboliza a continuidade de um compromisso profundo com o progresso. O projeto, iniciado [&hellip;]<\/p>\n","protected":false},"author":1,"featured_media":4253,"comment_status":"open","ping_status":"open","sticky":false,"template":"","format":"standard","meta":{"footnotes":""},"categories":[10],"tags":[],"class_list":{"0":"post-4252","1":"post","2":"type-post","3":"status-publish","4":"format-standard","5":"has-post-thumbnail","7":"category-theme-features"},"_links":{"self":[{"href":"https:\/\/nordesteimprensa.com.br\/index.php\/wp-json\/wp\/v2\/posts\/4252","targetHints":{"allow":["GET"]}}],"collection":[{"href":"https:\/\/nordesteimprensa.com.br\/index.php\/wp-json\/wp\/v2\/posts"}],"about":[{"href":"https:\/\/nordesteimprensa.com.br\/index.php\/wp-json\/wp\/v2\/types\/post"}],"author":[{"embeddable":true,"href":"https:\/\/nordesteimprensa.com.br\/index.php\/wp-json\/wp\/v2\/users\/1"}],"replies":[{"embeddable":true,"href":"https:\/\/nordesteimprensa.com.br\/index.php\/wp-json\/wp\/v2\/comments?post=4252"}],"version-history":[{"count":1,"href":"https:\/\/nordesteimprensa.com.br\/index.php\/wp-json\/wp\/v2\/posts\/4252\/revisions"}],"predecessor-version":[{"id":4256,"href":"https:\/\/nordesteimprensa.com.br\/index.php\/wp-json\/wp\/v2\/posts\/4252\/revisions\/4256"}],"wp:featuredmedia":[{"embeddable":true,"href":"https:\/\/nordesteimprensa.com.br\/index.php\/wp-json\/wp\/v2\/media\/4253"}],"wp:attachment":[{"href":"https:\/\/nordesteimprensa.com.br\/index.php\/wp-json\/wp\/v2\/media?parent=4252"}],"wp:term":[{"taxonomy":"category","embeddable":true,"href":"https:\/\/nordesteimprensa.com.br\/index.php\/wp-json\/wp\/v2\/categories?post=4252"},{"taxonomy":"post_tag","embeddable":true,"href":"https:\/\/nordesteimprensa.com.br\/index.php\/wp-json\/wp\/v2\/tags?post=4252"}],"curies":[{"name":"wp","href":"https:\/\/api.w.org\/{rel}","templated":true}]}}