{"id":4257,"date":"2024-02-03T13:59:30","date_gmt":"2024-02-03T16:59:30","guid":{"rendered":"https:\/\/nordesteimprensa.com.br\/?p=4257"},"modified":"2024-02-03T13:59:31","modified_gmt":"2024-02-03T16:59:31","slug":"politicagem-contra-alberto-macedo-com-a-cpi-na-barra-dos-coqueiros-chega-ao-fim-apos-arquivamento-da-comissao","status":"publish","type":"post","link":"https:\/\/nordesteimprensa.com.br\/index.php\/2024\/02\/03\/politicagem-contra-alberto-macedo-com-a-cpi-na-barra-dos-coqueiros-chega-ao-fim-apos-arquivamento-da-comissao\/","title":{"rendered":"Politicagem contra Alberto Macedo com a CPI na Barra dos Coqueiros chega ao fim ap\u00f3s arquivamento da comiss\u00e3o"},"content":{"rendered":"\n<p>Os vereadores da Barra dos Coqueiros votaram ontem, 2, pelo arquivamento da Comiss\u00e3o Parlamentar de Inqu\u00e9rito (CPI) que investigava supostas irregularidades na concess\u00e3o de licen\u00e7as e alvar\u00e1s pela Secretaria Municipal de Obras. A decis\u00e3o, com 7 votos a favor e 5 contra, reflete a rejei\u00e7\u00e3o da popula\u00e7\u00e3o \u00e0 CPI, percebida como um verdadeiro circo pol\u00edtico, que apenas visava desgastar a gest\u00e3o de Alberto Macedo (MDB) em ano eleitoral.<\/p>\n\n\n\n<p>O pedido de prorroga\u00e7\u00e3o do colegiado, feito pela vereadora Frankeline, da oposi\u00e7\u00e3o liderada por Airton Martins (PSD), foi rejeitado, evidenciando a polariza\u00e7\u00e3o entre os membros da c\u00e2mara.<\/p>\n\n\n\n<p>As pol\u00eamicas envolvendo a CPI come\u00e7aram desde o in\u00edcio, com den\u00fancias de poss\u00edvel presen\u00e7a de interessados nas investiga\u00e7\u00f5es durante as reuni\u00f5es da comiss\u00e3o. A gest\u00e3o municipal interpretou a CPI como uma manobra pol\u00edtica para minar a administra\u00e7\u00e3o em um ano eleitoral, onde o prefeito Alberto Macedo (MDB) busca a reelei\u00e7\u00e3o.<\/p>\n\n\n\n<p>Para alguns, a comiss\u00e3o se tornou uma ferramenta de difama\u00e7\u00e3o e desinforma\u00e7\u00e3o, em vez de um instrumento de investiga\u00e7\u00e3o objetiva, como deveria ser, de fato.<\/p>\n\n\n\n<p><\/p>\n\n\n\n<p><\/p>\n\n\n\n<p><\/p>\n\n\n\n<p><\/p>\n","protected":false},"excerpt":{"rendered":"<p>Os vereadores da Barra dos Coqueiros votaram ontem, 2, pelo arquivamento da Comiss\u00e3o Parlamentar de Inqu\u00e9rito (CPI) que investigava supostas irregularidades na concess\u00e3o de licen\u00e7as e alvar\u00e1s pela Secretaria Municipal de Obras. A decis\u00e3o, com 7 votos a favor e 5 contra, reflete a rejei\u00e7\u00e3o da popula\u00e7\u00e3o \u00e0 CPI, percebida como um verdadeiro circo pol\u00edtico, [&hellip;]<\/p>\n","protected":false},"author":1,"featured_media":4258,"comment_status":"open","ping_status":"open","sticky":false,"template":"","format":"standard","meta":{"footnotes":""},"categories":[10],"tags":[],"class_list":{"0":"post-4257","1":"post","2":"type-post","3":"status-publish","4":"format-standard","5":"has-post-thumbnail","7":"category-theme-features"},"_links":{"self":[{"href":"https:\/\/nordesteimprensa.com.br\/index.php\/wp-json\/wp\/v2\/posts\/4257","targetHints":{"allow":["GET"]}}],"collection":[{"href":"https:\/\/nordesteimprensa.com.br\/index.php\/wp-json\/wp\/v2\/posts"}],"about":[{"href":"https:\/\/nordesteimprensa.com.br\/index.php\/wp-json\/wp\/v2\/types\/post"}],"author":[{"embeddable":true,"href":"https:\/\/nordesteimprensa.com.br\/index.php\/wp-json\/wp\/v2\/users\/1"}],"replies":[{"embeddable":true,"href":"https:\/\/nordesteimprensa.com.br\/index.php\/wp-json\/wp\/v2\/comments?post=4257"}],"version-history":[{"count":1,"href":"https:\/\/nordesteimprensa.com.br\/index.php\/wp-json\/wp\/v2\/posts\/4257\/revisions"}],"predecessor-version":[{"id":4259,"href":"https:\/\/nordesteimprensa.com.br\/index.php\/wp-json\/wp\/v2\/posts\/4257\/revisions\/4259"}],"wp:featuredmedia":[{"embeddable":true,"href":"https:\/\/nordesteimprensa.com.br\/index.php\/wp-json\/wp\/v2\/media\/4258"}],"wp:attachment":[{"href":"https:\/\/nordesteimprensa.com.br\/index.php\/wp-json\/wp\/v2\/media?parent=4257"}],"wp:term":[{"taxonomy":"category","embeddable":true,"href":"https:\/\/nordesteimprensa.com.br\/index.php\/wp-json\/wp\/v2\/categories?post=4257"},{"taxonomy":"post_tag","embeddable":true,"href":"https:\/\/nordesteimprensa.com.br\/index.php\/wp-json\/wp\/v2\/tags?post=4257"}],"curies":[{"name":"wp","href":"https:\/\/api.w.org\/{rel}","templated":true}]}}