{"id":4260,"date":"2024-02-05T10:40:39","date_gmt":"2024-02-05T13:40:39","guid":{"rendered":"https:\/\/nordesteimprensa.com.br\/?p=4260"},"modified":"2024-02-05T10:40:40","modified_gmt":"2024-02-05T13:40:40","slug":"dois-homens-morrem-apos-trocar-tiros-com-policiais-em-bar","status":"publish","type":"post","link":"https:\/\/nordesteimprensa.com.br\/index.php\/2024\/02\/05\/dois-homens-morrem-apos-trocar-tiros-com-policiais-em-bar\/","title":{"rendered":"Dois homens morrem ap\u00f3s trocar tiros com policiais em bar"},"content":{"rendered":"\n<p>Na noite do \u00faltimo s\u00e1bado, 03, dois homens morreram depois que trocaram tiros com policiais militares, na Zona Norte de Aracaju. Segundo a PM, eles estavam armados em um bar na localidade.<\/p>\n\n\n\n<p>Ainda de acordo com a PM, quando os militares se aproximaram, os homens atiraram, mas foram baleados. Os dois foram socorridos e levados ao Hospital de Urg\u00eancias de Sergipe (Huse), mas n\u00e3o resistiram aos ferimentos.<\/p>\n\n\n\n<p>A Pol\u00edcia Militar informou que um dos suspeitos estava com um mandado de pris\u00e3o em aberto. Com eles, a pol\u00edcia apreendeu duas armas de fogo e muni\u00e7\u00f5es. Os corpos foram levados para o Instituto M\u00e9dico Legal (IML).<\/p>\n\n\n\n<p>Fonte: G1 SE<\/p>\n","protected":false},"excerpt":{"rendered":"<p>Na noite do \u00faltimo s\u00e1bado, 03, dois homens morreram depois que trocaram tiros com policiais militares, na Zona Norte de Aracaju. Segundo a PM, eles estavam armados em um bar na localidade. Ainda de acordo com a PM, quando os militares se aproximaram, os homens atiraram, mas foram baleados. Os dois foram socorridos e levados [&hellip;]<\/p>\n","protected":false},"author":1,"featured_media":4261,"comment_status":"open","ping_status":"open","sticky":false,"template":"","format":"standard","meta":{"footnotes":""},"categories":[10],"tags":[],"class_list":{"0":"post-4260","1":"post","2":"type-post","3":"status-publish","4":"format-standard","5":"has-post-thumbnail","7":"category-theme-features"},"_links":{"self":[{"href":"https:\/\/nordesteimprensa.com.br\/index.php\/wp-json\/wp\/v2\/posts\/4260","targetHints":{"allow":["GET"]}}],"collection":[{"href":"https:\/\/nordesteimprensa.com.br\/index.php\/wp-json\/wp\/v2\/posts"}],"about":[{"href":"https:\/\/nordesteimprensa.com.br\/index.php\/wp-json\/wp\/v2\/types\/post"}],"author":[{"embeddable":true,"href":"https:\/\/nordesteimprensa.com.br\/index.php\/wp-json\/wp\/v2\/users\/1"}],"replies":[{"embeddable":true,"href":"https:\/\/nordesteimprensa.com.br\/index.php\/wp-json\/wp\/v2\/comments?post=4260"}],"version-history":[{"count":1,"href":"https:\/\/nordesteimprensa.com.br\/index.php\/wp-json\/wp\/v2\/posts\/4260\/revisions"}],"predecessor-version":[{"id":4262,"href":"https:\/\/nordesteimprensa.com.br\/index.php\/wp-json\/wp\/v2\/posts\/4260\/revisions\/4262"}],"wp:featuredmedia":[{"embeddable":true,"href":"https:\/\/nordesteimprensa.com.br\/index.php\/wp-json\/wp\/v2\/media\/4261"}],"wp:attachment":[{"href":"https:\/\/nordesteimprensa.com.br\/index.php\/wp-json\/wp\/v2\/media?parent=4260"}],"wp:term":[{"taxonomy":"category","embeddable":true,"href":"https:\/\/nordesteimprensa.com.br\/index.php\/wp-json\/wp\/v2\/categories?post=4260"},{"taxonomy":"post_tag","embeddable":true,"href":"https:\/\/nordesteimprensa.com.br\/index.php\/wp-json\/wp\/v2\/tags?post=4260"}],"curies":[{"name":"wp","href":"https:\/\/api.w.org\/{rel}","templated":true}]}}