{"id":4263,"date":"2024-02-05T10:42:36","date_gmt":"2024-02-05T13:42:36","guid":{"rendered":"https:\/\/nordesteimprensa.com.br\/?p=4263"},"modified":"2024-02-05T10:42:36","modified_gmt":"2024-02-05T13:42:36","slug":"confusao-envolvendo-torcidas-organizadas-deixa-feridos-na-grande-aracaju","status":"publish","type":"post","link":"https:\/\/nordesteimprensa.com.br\/index.php\/2024\/02\/05\/confusao-envolvendo-torcidas-organizadas-deixa-feridos-na-grande-aracaju\/","title":{"rendered":"confus\u00e3o envolvendo torcidas organizadas deixa feridos na Grande Aracaju"},"content":{"rendered":"\n<p>Pelo menos tr\u00eas homens ficaram feridos ap\u00f3s serem espancados e esfaqueados durante brigas envolvendo torcidas organizadas, na tarde deste domingo (4), na Grande\u00a0<a class=\"\" href=\"https:\/\/g1.globo.com\/se\/sergipe\/cidade\/aracaju\/\">Aracaju<\/a>. A Secretaria de Estado da Sa\u00fade (SES) informou que as v\u00edtimas foram levadas para o Urg\u00eancias de Sergipe Governador Jo\u00e3o Alves (Huse), na capital.<\/p>\n\n\n\n<p>fonte: G1 <\/p>\n\n\n\n<p><\/p>\n\n\n\n<p><\/p>\n\n\n\n<p><\/p>\n","protected":false},"excerpt":{"rendered":"<p>Pelo menos tr\u00eas homens ficaram feridos ap\u00f3s serem espancados e esfaqueados durante brigas envolvendo torcidas organizadas, na tarde deste domingo (4), na Grande\u00a0Aracaju. A Secretaria de Estado da Sa\u00fade (SES) informou que as v\u00edtimas foram levadas para o Urg\u00eancias de Sergipe Governador Jo\u00e3o Alves (Huse), na capital. fonte: G1<\/p>\n","protected":false},"author":1,"featured_media":4264,"comment_status":"open","ping_status":"open","sticky":false,"template":"","format":"standard","meta":{"footnotes":""},"categories":[10],"tags":[],"class_list":{"0":"post-4263","1":"post","2":"type-post","3":"status-publish","4":"format-standard","5":"has-post-thumbnail","7":"category-theme-features"},"_links":{"self":[{"href":"https:\/\/nordesteimprensa.com.br\/index.php\/wp-json\/wp\/v2\/posts\/4263","targetHints":{"allow":["GET"]}}],"collection":[{"href":"https:\/\/nordesteimprensa.com.br\/index.php\/wp-json\/wp\/v2\/posts"}],"about":[{"href":"https:\/\/nordesteimprensa.com.br\/index.php\/wp-json\/wp\/v2\/types\/post"}],"author":[{"embeddable":true,"href":"https:\/\/nordesteimprensa.com.br\/index.php\/wp-json\/wp\/v2\/users\/1"}],"replies":[{"embeddable":true,"href":"https:\/\/nordesteimprensa.com.br\/index.php\/wp-json\/wp\/v2\/comments?post=4263"}],"version-history":[{"count":1,"href":"https:\/\/nordesteimprensa.com.br\/index.php\/wp-json\/wp\/v2\/posts\/4263\/revisions"}],"predecessor-version":[{"id":4265,"href":"https:\/\/nordesteimprensa.com.br\/index.php\/wp-json\/wp\/v2\/posts\/4263\/revisions\/4265"}],"wp:featuredmedia":[{"embeddable":true,"href":"https:\/\/nordesteimprensa.com.br\/index.php\/wp-json\/wp\/v2\/media\/4264"}],"wp:attachment":[{"href":"https:\/\/nordesteimprensa.com.br\/index.php\/wp-json\/wp\/v2\/media?parent=4263"}],"wp:term":[{"taxonomy":"category","embeddable":true,"href":"https:\/\/nordesteimprensa.com.br\/index.php\/wp-json\/wp\/v2\/categories?post=4263"},{"taxonomy":"post_tag","embeddable":true,"href":"https:\/\/nordesteimprensa.com.br\/index.php\/wp-json\/wp\/v2\/tags?post=4263"}],"curies":[{"name":"wp","href":"https:\/\/api.w.org\/{rel}","templated":true}]}}