{"id":4270,"date":"2024-02-13T10:32:08","date_gmt":"2024-02-13T13:32:08","guid":{"rendered":"https:\/\/nordesteimprensa.com.br\/?p=4270"},"modified":"2024-02-16T09:34:11","modified_gmt":"2024-02-16T12:34:11","slug":"em-pirambu-duas-pessoas-sao-vitimas-de-afogamento","status":"publish","type":"post","link":"https:\/\/nordesteimprensa.com.br\/index.php\/2024\/02\/13\/em-pirambu-duas-pessoas-sao-vitimas-de-afogamento\/","title":{"rendered":"Em Pirambu duas pessoas s\u00e3o v\u00edtimas de afogamento"},"content":{"rendered":"\n<p>Na tarde da \u00faltima segunda-feira,5, duas pessoas foram v\u00edtimas de afogamento&nbsp; em&nbsp; uma praia na cidade de Pirambu.<\/p>\n\n\n\n<p>As v\u00edtimas foram identificadas como uma mulher e um homem, que foram prontamente socorridos por outros banhistas. Em seguida, equipes do Servi\u00e7o de Atendimento M\u00f3vel de Urg\u00eancia (SAMU) chegaram ao local para prestar assist\u00eancia. A banhista precisou ser encaminhada ao hospital, mas felizmente est\u00e1 fora de perigo.<\/p>\n\n\n\n<p>O Corpo de Bombeiros informou que a praia estava devidamente sinalizada com bandeiras vermelhas, indicando o alto risco de afogamento na \u00e1rea.<\/p>\n\n\n\n<p><\/p>\n\n\n\n<p><\/p>\n\n\n\n<p><\/p>\n\n\n\n<p><\/p>\n\n\n\n<p><\/p>\n","protected":false},"excerpt":{"rendered":"<p>Na tarde da \u00faltima segunda-feira,5, duas pessoas foram v\u00edtimas de afogamento&nbsp; em&nbsp; uma praia na cidade de Pirambu. As v\u00edtimas foram identificadas como uma mulher e um homem, que foram prontamente socorridos por outros banhistas. Em seguida, equipes do Servi\u00e7o de Atendimento M\u00f3vel de Urg\u00eancia (SAMU) chegaram ao local para prestar assist\u00eancia. A banhista precisou [&hellip;]<\/p>\n","protected":false},"author":1,"featured_media":4271,"comment_status":"open","ping_status":"open","sticky":false,"template":"","format":"standard","meta":{"footnotes":""},"categories":[10],"tags":[],"class_list":{"0":"post-4270","1":"post","2":"type-post","3":"status-publish","4":"format-standard","5":"has-post-thumbnail","7":"category-theme-features"},"_links":{"self":[{"href":"https:\/\/nordesteimprensa.com.br\/index.php\/wp-json\/wp\/v2\/posts\/4270","targetHints":{"allow":["GET"]}}],"collection":[{"href":"https:\/\/nordesteimprensa.com.br\/index.php\/wp-json\/wp\/v2\/posts"}],"about":[{"href":"https:\/\/nordesteimprensa.com.br\/index.php\/wp-json\/wp\/v2\/types\/post"}],"author":[{"embeddable":true,"href":"https:\/\/nordesteimprensa.com.br\/index.php\/wp-json\/wp\/v2\/users\/1"}],"replies":[{"embeddable":true,"href":"https:\/\/nordesteimprensa.com.br\/index.php\/wp-json\/wp\/v2\/comments?post=4270"}],"version-history":[{"count":1,"href":"https:\/\/nordesteimprensa.com.br\/index.php\/wp-json\/wp\/v2\/posts\/4270\/revisions"}],"predecessor-version":[{"id":4272,"href":"https:\/\/nordesteimprensa.com.br\/index.php\/wp-json\/wp\/v2\/posts\/4270\/revisions\/4272"}],"wp:featuredmedia":[{"embeddable":true,"href":"https:\/\/nordesteimprensa.com.br\/index.php\/wp-json\/wp\/v2\/media\/4271"}],"wp:attachment":[{"href":"https:\/\/nordesteimprensa.com.br\/index.php\/wp-json\/wp\/v2\/media?parent=4270"}],"wp:term":[{"taxonomy":"category","embeddable":true,"href":"https:\/\/nordesteimprensa.com.br\/index.php\/wp-json\/wp\/v2\/categories?post=4270"},{"taxonomy":"post_tag","embeddable":true,"href":"https:\/\/nordesteimprensa.com.br\/index.php\/wp-json\/wp\/v2\/tags?post=4270"}],"curies":[{"name":"wp","href":"https:\/\/api.w.org\/{rel}","templated":true}]}}