{"id":4276,"date":"2024-02-07T10:34:06","date_gmt":"2024-02-07T13:34:06","guid":{"rendered":"https:\/\/nordesteimprensa.com.br\/?p=4276"},"modified":"2024-02-07T10:34:07","modified_gmt":"2024-02-07T13:34:07","slug":"residencias-sao-danificadas-por-pedradas-na-cidade-de-propria","status":"publish","type":"post","link":"https:\/\/nordesteimprensa.com.br\/index.php\/2024\/02\/07\/residencias-sao-danificadas-por-pedradas-na-cidade-de-propria\/","title":{"rendered":"Resid\u00eancias s\u00e3o danificadas por pedradas na cidade de Propri\u00e1"},"content":{"rendered":"\n<p>A equipe da Pol\u00edcia Militar atendeu a uma ocorr\u00eancia referente a danos \u00e0 propriedade privada no bairro Santo Ant\u00f4nio, no munic\u00edpio de Propri\u00e1.<\/p>\n\n\n\n<p>De acordo com a Pol\u00edcia Militar, duas mulheres relataram que algu\u00e9m estava arremessando pedras nos telhados de suas resid\u00eancias. Ao chegar no local, a pol\u00edcia constatou a veracidade dos fatos, encontrando diversas pessoas na mesma condi\u00e7\u00e3o das v\u00edtimas.<\/p>\n\n\n\n<p>Segundo informa\u00e7\u00f5es de uma testemunha, o vizinho das v\u00edtimas \u00e9 quem teria arremessado as pedras nas casas. A equipe policial adentrou nas resid\u00eancias atingidas, onde identificou telhas quebradas e pedras no ch\u00e3o, representando risco, especialmente para crian\u00e7as que ali estavam.<\/p>\n\n\n\n<p><\/p>\n\n\n\n<p><\/p>\n\n\n\n<p><\/p>\n\n\n\n<p><\/p>\n","protected":false},"excerpt":{"rendered":"<p>A equipe da Pol\u00edcia Militar atendeu a uma ocorr\u00eancia referente a danos \u00e0 propriedade privada no bairro Santo Ant\u00f4nio, no munic\u00edpio de Propri\u00e1. De acordo com a Pol\u00edcia Militar, duas mulheres relataram que algu\u00e9m estava arremessando pedras nos telhados de suas resid\u00eancias. Ao chegar no local, a pol\u00edcia constatou a veracidade dos fatos, encontrando diversas [&hellip;]<\/p>\n","protected":false},"author":1,"featured_media":4277,"comment_status":"open","ping_status":"open","sticky":false,"template":"","format":"standard","meta":{"footnotes":""},"categories":[10],"tags":[],"class_list":{"0":"post-4276","1":"post","2":"type-post","3":"status-publish","4":"format-standard","5":"has-post-thumbnail","7":"category-theme-features"},"_links":{"self":[{"href":"https:\/\/nordesteimprensa.com.br\/index.php\/wp-json\/wp\/v2\/posts\/4276","targetHints":{"allow":["GET"]}}],"collection":[{"href":"https:\/\/nordesteimprensa.com.br\/index.php\/wp-json\/wp\/v2\/posts"}],"about":[{"href":"https:\/\/nordesteimprensa.com.br\/index.php\/wp-json\/wp\/v2\/types\/post"}],"author":[{"embeddable":true,"href":"https:\/\/nordesteimprensa.com.br\/index.php\/wp-json\/wp\/v2\/users\/1"}],"replies":[{"embeddable":true,"href":"https:\/\/nordesteimprensa.com.br\/index.php\/wp-json\/wp\/v2\/comments?post=4276"}],"version-history":[{"count":1,"href":"https:\/\/nordesteimprensa.com.br\/index.php\/wp-json\/wp\/v2\/posts\/4276\/revisions"}],"predecessor-version":[{"id":4278,"href":"https:\/\/nordesteimprensa.com.br\/index.php\/wp-json\/wp\/v2\/posts\/4276\/revisions\/4278"}],"wp:featuredmedia":[{"embeddable":true,"href":"https:\/\/nordesteimprensa.com.br\/index.php\/wp-json\/wp\/v2\/media\/4277"}],"wp:attachment":[{"href":"https:\/\/nordesteimprensa.com.br\/index.php\/wp-json\/wp\/v2\/media?parent=4276"}],"wp:term":[{"taxonomy":"category","embeddable":true,"href":"https:\/\/nordesteimprensa.com.br\/index.php\/wp-json\/wp\/v2\/categories?post=4276"},{"taxonomy":"post_tag","embeddable":true,"href":"https:\/\/nordesteimprensa.com.br\/index.php\/wp-json\/wp\/v2\/tags?post=4276"}],"curies":[{"name":"wp","href":"https:\/\/api.w.org\/{rel}","templated":true}]}}