{"id":4282,"date":"2024-02-08T12:16:14","date_gmt":"2024-02-08T15:16:14","guid":{"rendered":"https:\/\/nordesteimprensa.com.br\/?p=4282"},"modified":"2024-02-08T12:16:15","modified_gmt":"2024-02-08T15:16:15","slug":"quatro-municipios-sergipanos-estao-com-alto-risco-para-surtos-e-epidemias-causados-pelo-aedes-aegypti-veja-quais-sao","status":"publish","type":"post","link":"https:\/\/nordesteimprensa.com.br\/index.php\/2024\/02\/08\/quatro-municipios-sergipanos-estao-com-alto-risco-para-surtos-e-epidemias-causados-pelo-aedes-aegypti-veja-quais-sao\/","title":{"rendered":"Quatro munic\u00edpios sergipanos est\u00e3o com alto risco para surtos e epidemias causados pelo Aedes Aegypti; veja quais s\u00e3o"},"content":{"rendered":"\n<p>Quatro munic\u00edpios sergipanos est\u00e3o com alto risco para surtos e epidemias causadas pelo mosquito Aedes Aegypti, de acordo com a Secretaria de Estado da Sa\u00fade. Outros 26 munic\u00edpios est\u00e3o com baixo risco e 45 com m\u00e9dio risco, entre eles,&nbsp;<a class=\"\" href=\"https:\/\/g1.globo.com\/se\/sergipe\/noticia\/2024\/02\/06\/aracaju-tem-risco-medio-para-surtos-e-epidemias-provocados-pelo-aedes-aegypti-informa-sms.ghtml\">Aracaju<\/a>.&nbsp;<\/p>\n\n\n\n<p><\/p>\n\n\n\n<p>As cidades com alto risco e os \u00edndices s\u00e3o: Sim\u00e3o Dias (6,4), Japoat\u00e3 (5,9), Nossa Senhora da Gl\u00f3ria (4,2) e Itabaiana (4,0).<\/p>\n\n\n\n<p>Em todo o estado, em janeiro, foram notificados 360 casos suspeitos da doen\u00e7a, e 20 confirmados. No ano passado, o n\u00famero de confirma\u00e7\u00f5es foi 182 no mesmo per\u00edodo.&nbsp;<\/p>\n\n\n\n<h2 class=\"wp-block-heading\">Preven\u00e7\u00e3o<\/h2>\n\n\n\n<p>Apesar de n\u00e3o haver alerta estadual, a SES refor\u00e7ou a import\u00e2ncia dos cuidados preventivos, j\u00e1 que, no cen\u00e1rio nacional,&nbsp;<a class=\"\" href=\"https:\/\/g1.globo.com\/sp\/ribeirao-preto-franca\/noticia\/2023\/10\/05\/por-que-especialistas-alertam-para-o-risco-de-nova-epidemia-de-dengue-no-brasil-em-2024.ghtml\">especialistas relatam preocupa\u00e7\u00e3o com a possibilidade de uma nova epidemia de dengue este ano<\/a>, como j\u00e1 ocorre na<a class=\"\" href=\"https:\/\/g1.globo.com\/rj\/rio-de-janeiro\/noticia\/2024\/02\/02\/rio-bate-recorde-historico-de-internacoes-por-dengue-na-historia-do-municipio-diz-prefeitura.ghtml\">&nbsp;cidade do Rio de Janeiro<\/a>&nbsp;e no estado de Minas Gerais.&nbsp;<\/p>\n\n\n\n<p>As orienta\u00e7\u00f5es do Minist\u00e9rio da Sa\u00fade s\u00e3o:&nbsp;<\/p>\n\n\n\n<ul class=\"wp-block-list\">\n<li>Utilize telas de prote\u00e7\u00e3o com buracos de, no m\u00e1ximo, 1,5 mil\u00edmetros nas janelas de casa;<\/li>\n\n\n\n<li>Deixe as portas e janelas fechadas, principalmente nos per\u00edodos do nascer e do p\u00f4r do sol;<\/li>\n\n\n\n<li>Mantenha o terreno limpo e livre de materiais ou entulhos que possam ser criadouros;<\/li>\n\n\n\n<li>Tampe os ton\u00e9is e caixas d\u2019\u00e1gua;<\/li>\n\n\n\n<li>Mantenha as calhas limpas;<\/li>\n\n\n\n<li>Deixe garrafas sempre viradas com a boca para baixo;<\/li>\n\n\n\n<li>Mantenha lixeiras bem tampadas;<\/li>\n\n\n\n<li>Deixe ralos limpos e com aplica\u00e7\u00e3o de tela;<\/li>\n\n\n\n<li>Limpe semanalmente ou preencha pratos de vasos de plantas com areia;<\/li>\n\n\n\n<li>Limpe com escova ou bucha os potes de \u00e1gua para animais;<\/li>\n\n\n\n<li>Limpe todos os acess\u00f3rios de decora\u00e7\u00e3o que ficam fora de casa e evite o ac\u00famulo de \u00e1gua em pneus e calhas;<\/li>\n\n\n\n<li>Coloque repelentes el\u00e9tricos pr\u00f3ximos \u00e0s janelas \u2013 o uso \u00e9 contraindicado para pessoas al\u00e9rgicas;<\/li>\n\n\n\n<li>Velas ou difusores de ess\u00eancia de citronela tamb\u00e9m podem ser usados;<\/li>\n\n\n\n<li>Evite produtos de higiene com perfume, pois podem atrair insetos;<\/li>\n\n\n\n<li>Retire \u00e1gua acumulada na \u00e1rea de servi\u00e7o, atr\u00e1s da m\u00e1quina de lavar roupa.<\/li>\n<\/ul>\n\n\n\n<p><\/p>\n\n\n\n<p><\/p>\n\n\n\n<p><\/p>\n\n\n\n<p><\/p>\n","protected":false},"excerpt":{"rendered":"<p>Quatro munic\u00edpios sergipanos est\u00e3o com alto risco para surtos e epidemias causadas pelo mosquito Aedes Aegypti, de acordo com a Secretaria de Estado da Sa\u00fade. Outros 26 munic\u00edpios est\u00e3o com baixo risco e 45 com m\u00e9dio risco, entre eles,&nbsp;Aracaju.&nbsp; As cidades com alto risco e os \u00edndices s\u00e3o: Sim\u00e3o Dias (6,4), Japoat\u00e3 (5,9), Nossa Senhora [&hellip;]<\/p>\n","protected":false},"author":1,"featured_media":4283,"comment_status":"open","ping_status":"open","sticky":false,"template":"","format":"standard","meta":{"footnotes":""},"categories":[10],"tags":[],"class_list":{"0":"post-4282","1":"post","2":"type-post","3":"status-publish","4":"format-standard","5":"has-post-thumbnail","7":"category-theme-features"},"_links":{"self":[{"href":"https:\/\/nordesteimprensa.com.br\/index.php\/wp-json\/wp\/v2\/posts\/4282","targetHints":{"allow":["GET"]}}],"collection":[{"href":"https:\/\/nordesteimprensa.com.br\/index.php\/wp-json\/wp\/v2\/posts"}],"about":[{"href":"https:\/\/nordesteimprensa.com.br\/index.php\/wp-json\/wp\/v2\/types\/post"}],"author":[{"embeddable":true,"href":"https:\/\/nordesteimprensa.com.br\/index.php\/wp-json\/wp\/v2\/users\/1"}],"replies":[{"embeddable":true,"href":"https:\/\/nordesteimprensa.com.br\/index.php\/wp-json\/wp\/v2\/comments?post=4282"}],"version-history":[{"count":1,"href":"https:\/\/nordesteimprensa.com.br\/index.php\/wp-json\/wp\/v2\/posts\/4282\/revisions"}],"predecessor-version":[{"id":4284,"href":"https:\/\/nordesteimprensa.com.br\/index.php\/wp-json\/wp\/v2\/posts\/4282\/revisions\/4284"}],"wp:featuredmedia":[{"embeddable":true,"href":"https:\/\/nordesteimprensa.com.br\/index.php\/wp-json\/wp\/v2\/media\/4283"}],"wp:attachment":[{"href":"https:\/\/nordesteimprensa.com.br\/index.php\/wp-json\/wp\/v2\/media?parent=4282"}],"wp:term":[{"taxonomy":"category","embeddable":true,"href":"https:\/\/nordesteimprensa.com.br\/index.php\/wp-json\/wp\/v2\/categories?post=4282"},{"taxonomy":"post_tag","embeddable":true,"href":"https:\/\/nordesteimprensa.com.br\/index.php\/wp-json\/wp\/v2\/tags?post=4282"}],"curies":[{"name":"wp","href":"https:\/\/api.w.org\/{rel}","templated":true}]}}