{"id":4309,"date":"2024-02-16T10:22:50","date_gmt":"2024-02-16T13:22:50","guid":{"rendered":"https:\/\/nordesteimprensa.com.br\/?p=4309"},"modified":"2024-02-20T13:47:19","modified_gmt":"2024-02-20T16:47:19","slug":"com-vontade-de-trabalhar-e-boa-relacao-com-eleitores-e-classe-politica-alberto-devera-superar-airton-em-2024","status":"publish","type":"post","link":"https:\/\/nordesteimprensa.com.br\/index.php\/2024\/02\/16\/com-vontade-de-trabalhar-e-boa-relacao-com-eleitores-e-classe-politica-alberto-devera-superar-airton-em-2024\/","title":{"rendered":"Com vontade de trabalhar e boa rela\u00e7\u00e3o com eleitores e classe pol\u00edtica, Alberto dever\u00e1 superar Airton em 2024"},"content":{"rendered":"\n<p>O atual prefeito da Barra dos Coqueiros, Alberto Macedo (MDB), dever\u00e1 caminhar a passos largos para ser reeleito nas elei\u00e7\u00f5es 2024 no munic\u00edpio, tendo a seu favor a boa rela\u00e7\u00e3o com eleitores e a classe pol\u00edtica, al\u00e9m, claro, dos grandes feitos de sua gest\u00e3o.<\/p>\n\n\n\n<p>Ao contr\u00e1rio de seu principal advers\u00e1rio na cidade, Airton Martins (PSD), que articula com soberba, o atual gestor age com humildade com o povo, trabalhando honestamente para dar continuidade em seu trabalho que tem feito no munic\u00edpio.<\/p>\n\n\n\n<p>Sob sua gest\u00e3o, os barracoqueirenses testemunharam um crescimento nunca visto, com a cidade se transformando em um verdadeiro canteiro de obras, e com a gest\u00e3o se tornando exemplo para outros munic\u00edpios, com Alberto sendo um dos pioneiros no pagamento do piso da enfermagem, por exemplo.<\/p>\n\n\n\n<p>O prefeito acumula conquistas significativas, o que o coloca em uma posi\u00e7\u00e3o vantajosa para uma poss\u00edvel reelei\u00e7\u00e3o. Entre seus principais feitos est\u00e1 tamb\u00e9m o equil\u00edbrio das finan\u00e7as municipais, ap\u00f3s assumir uma cidade \u00e0 beira do colapso financeiro, deixada pela gest\u00e3o anterior de Airton, com uma d\u00edvida de R$ 23 milh\u00f5es.<\/p>\n\n\n\n<p><\/p>\n\n\n\n<p><\/p>\n\n\n\n<p><\/p>\n\n\n\n<p><\/p>\n\n\n\n<p><\/p>\n","protected":false},"excerpt":{"rendered":"<p>O atual prefeito da Barra dos Coqueiros, Alberto Macedo (MDB), dever\u00e1 caminhar a passos largos para ser reeleito nas elei\u00e7\u00f5es 2024 no munic\u00edpio, tendo a seu favor a boa rela\u00e7\u00e3o com eleitores e a classe pol\u00edtica, al\u00e9m, claro, dos grandes feitos de sua gest\u00e3o. Ao contr\u00e1rio de seu principal advers\u00e1rio na cidade, Airton Martins (PSD), [&hellip;]<\/p>\n","protected":false},"author":1,"featured_media":4310,"comment_status":"open","ping_status":"open","sticky":false,"template":"","format":"standard","meta":{"footnotes":""},"categories":[10],"tags":[],"class_list":{"0":"post-4309","1":"post","2":"type-post","3":"status-publish","4":"format-standard","5":"has-post-thumbnail","7":"category-theme-features"},"_links":{"self":[{"href":"https:\/\/nordesteimprensa.com.br\/index.php\/wp-json\/wp\/v2\/posts\/4309","targetHints":{"allow":["GET"]}}],"collection":[{"href":"https:\/\/nordesteimprensa.com.br\/index.php\/wp-json\/wp\/v2\/posts"}],"about":[{"href":"https:\/\/nordesteimprensa.com.br\/index.php\/wp-json\/wp\/v2\/types\/post"}],"author":[{"embeddable":true,"href":"https:\/\/nordesteimprensa.com.br\/index.php\/wp-json\/wp\/v2\/users\/1"}],"replies":[{"embeddable":true,"href":"https:\/\/nordesteimprensa.com.br\/index.php\/wp-json\/wp\/v2\/comments?post=4309"}],"version-history":[{"count":1,"href":"https:\/\/nordesteimprensa.com.br\/index.php\/wp-json\/wp\/v2\/posts\/4309\/revisions"}],"predecessor-version":[{"id":4311,"href":"https:\/\/nordesteimprensa.com.br\/index.php\/wp-json\/wp\/v2\/posts\/4309\/revisions\/4311"}],"wp:featuredmedia":[{"embeddable":true,"href":"https:\/\/nordesteimprensa.com.br\/index.php\/wp-json\/wp\/v2\/media\/4310"}],"wp:attachment":[{"href":"https:\/\/nordesteimprensa.com.br\/index.php\/wp-json\/wp\/v2\/media?parent=4309"}],"wp:term":[{"taxonomy":"category","embeddable":true,"href":"https:\/\/nordesteimprensa.com.br\/index.php\/wp-json\/wp\/v2\/categories?post=4309"},{"taxonomy":"post_tag","embeddable":true,"href":"https:\/\/nordesteimprensa.com.br\/index.php\/wp-json\/wp\/v2\/tags?post=4309"}],"curies":[{"name":"wp","href":"https:\/\/api.w.org\/{rel}","templated":true}]}}