{"id":4358,"date":"2024-02-28T14:56:24","date_gmt":"2024-02-28T17:56:24","guid":{"rendered":"https:\/\/nordesteimprensa.com.br\/?p=4358"},"modified":"2024-02-28T14:56:24","modified_gmt":"2024-02-28T17:56:24","slug":"enfermeiros-da-fundacao-hospitalar-deflagram-paralisacao-de-24h","status":"publish","type":"post","link":"https:\/\/nordesteimprensa.com.br\/index.php\/2024\/02\/28\/enfermeiros-da-fundacao-hospitalar-deflagram-paralisacao-de-24h\/","title":{"rendered":"Enfermeiros da Funda\u00e7\u00e3o Hospitalar deflagram paralisa\u00e7\u00e3o de 24h"},"content":{"rendered":"\n<p>Em mais uma agenda de mobiliza\u00e7\u00e3o, os enfermeiros ligados \u00e0 Funda\u00e7\u00e3o Hospitalar de Sa\u00fade (FHS) deflagraram nas primeiras horas da manh\u00e3 desta quarta-feira, 28, uma paralisa\u00e7\u00e3o de 24h. Segundo o Sindicato dos Enfermeiros de Sergipe (Seese), apesar da interrup\u00e7\u00e3o tempor\u00e1ria das atividades, 50% do efetivo de trabalhadores estar\u00e3o em seus postos de trabalho para atender a popula\u00e7\u00e3o at\u00e9 \u00e0s 07h desta quinta-feira, 29, quando termina a paralisa\u00e7\u00e3o.<\/p>\n\n\n\n<p>De acordo com a presidente do Seese, Shirley Morales, a paralisa\u00e7\u00e3o busca unir a categoria em torno da audi\u00eancia que acontece na manh\u00e3 de hoje no Tribunal de Justi\u00e7a Federal em Sergipe, localizado no bairro Capucho. \u201c\u00c9 a audi\u00eancia que vai definir se o acordo judicial feito em 2018 vai ser executado ou n\u00e3o. \u00c9 o que vai definir se vai existir o fim do contrato da gest\u00e3o da Funda\u00e7\u00e3o Hospitalar de Sa\u00fade com o Estado\u201d, pontua Morales.<\/p>\n\n\n\n<p>Ainda segundo ela, sem esse contrato de gest\u00e3o, n\u00e3o h\u00e1 como vir um or\u00e7amento para a Funda\u00e7\u00e3o para que ela possa honrar com a folha de pagamento. \u201cSeria manter o funcion\u00e1rio l\u00e1 sem a remunera\u00e7\u00e3o, ou tentar ver outras f\u00f3rmulas e outros v\u00ednculos, n\u00e3o sendo, a gente n\u00e3o descarta a possibilidade que tamb\u00e9m possam ser exonerados. Dentro dessa exonera\u00e7\u00e3o, n\u00e3o haveria a quest\u00e3o de recebimento dos direitos trabalhistas, porque a gente sabe que hoje todas as a\u00e7\u00f5es trabalhistas da Funda\u00e7\u00e3o Hospitalar de Sa\u00fade v\u00e3o para precat\u00f3rios, o que impossibilita de receber os direitos trabalhistas de maneira imediata\u201d, afirma.<\/p>\n\n\n\n<p><\/p>\n\n\n\n<p><\/p>\n\n\n\n<p><\/p>\n\n\n\n<p><\/p>\n","protected":false},"excerpt":{"rendered":"<p>Em mais uma agenda de mobiliza\u00e7\u00e3o, os enfermeiros ligados \u00e0 Funda\u00e7\u00e3o Hospitalar de Sa\u00fade (FHS) deflagraram nas primeiras horas da manh\u00e3 desta quarta-feira, 28, uma paralisa\u00e7\u00e3o de 24h. Segundo o Sindicato dos Enfermeiros de Sergipe (Seese), apesar da interrup\u00e7\u00e3o tempor\u00e1ria das atividades, 50% do efetivo de trabalhadores estar\u00e3o em seus postos de trabalho para atender [&hellip;]<\/p>\n","protected":false},"author":1,"featured_media":4359,"comment_status":"open","ping_status":"open","sticky":false,"template":"","format":"standard","meta":{"footnotes":""},"categories":[10],"tags":[],"class_list":{"0":"post-4358","1":"post","2":"type-post","3":"status-publish","4":"format-standard","5":"has-post-thumbnail","7":"category-theme-features"},"_links":{"self":[{"href":"https:\/\/nordesteimprensa.com.br\/index.php\/wp-json\/wp\/v2\/posts\/4358","targetHints":{"allow":["GET"]}}],"collection":[{"href":"https:\/\/nordesteimprensa.com.br\/index.php\/wp-json\/wp\/v2\/posts"}],"about":[{"href":"https:\/\/nordesteimprensa.com.br\/index.php\/wp-json\/wp\/v2\/types\/post"}],"author":[{"embeddable":true,"href":"https:\/\/nordesteimprensa.com.br\/index.php\/wp-json\/wp\/v2\/users\/1"}],"replies":[{"embeddable":true,"href":"https:\/\/nordesteimprensa.com.br\/index.php\/wp-json\/wp\/v2\/comments?post=4358"}],"version-history":[{"count":1,"href":"https:\/\/nordesteimprensa.com.br\/index.php\/wp-json\/wp\/v2\/posts\/4358\/revisions"}],"predecessor-version":[{"id":4360,"href":"https:\/\/nordesteimprensa.com.br\/index.php\/wp-json\/wp\/v2\/posts\/4358\/revisions\/4360"}],"wp:featuredmedia":[{"embeddable":true,"href":"https:\/\/nordesteimprensa.com.br\/index.php\/wp-json\/wp\/v2\/media\/4359"}],"wp:attachment":[{"href":"https:\/\/nordesteimprensa.com.br\/index.php\/wp-json\/wp\/v2\/media?parent=4358"}],"wp:term":[{"taxonomy":"category","embeddable":true,"href":"https:\/\/nordesteimprensa.com.br\/index.php\/wp-json\/wp\/v2\/categories?post=4358"},{"taxonomy":"post_tag","embeddable":true,"href":"https:\/\/nordesteimprensa.com.br\/index.php\/wp-json\/wp\/v2\/tags?post=4358"}],"curies":[{"name":"wp","href":"https:\/\/api.w.org\/{rel}","templated":true}]}}