{"id":4361,"date":"2024-02-28T14:57:38","date_gmt":"2024-02-28T17:57:38","guid":{"rendered":"https:\/\/nordesteimprensa.com.br\/?p=4361"},"modified":"2024-02-28T14:57:38","modified_gmt":"2024-02-28T17:57:38","slug":"aedes-aegypti-saiba-como-gestantes-podem-receber-repelentes-gratuitamente-em-aracaju","status":"publish","type":"post","link":"https:\/\/nordesteimprensa.com.br\/index.php\/2024\/02\/28\/aedes-aegypti-saiba-como-gestantes-podem-receber-repelentes-gratuitamente-em-aracaju\/","title":{"rendered":"Aedes Aegypti: saiba como gestantes podem receber repelentes gratuitamente em Aracaju"},"content":{"rendered":"\n<p>Desde 2019, Aracaju n\u00e3o registra casos de gestantes com zika, um dos fatores de risco para o desenvolvimento de microcefalia no feto. Entretanto, as pacientes podem receber, gratuitamente, repelentes contra o mosquito Aedes aegypti em todas as unidades de Sa\u00fade da Fam\u00edlia (USFs), j\u00e1 que a capital apresenta\u00a0risco m\u00e9dio para surtos e epidemias provocados pelo Aedes aegypti.\u00a0<\/p>\n\n\n\n<p><\/p>\n\n\n\n<p>De acordo com a Secretaria Municipal de Sa\u00fade, este ano, a capital registrou 27 casos de dengue, al\u00e9m de nove de Chikungunya. No ano passado foram 1.066 casos de dengue, 37 de zika e 418 de Chikungunya.&nbsp;<\/p>\n\n\n\n<h2 class=\"wp-block-heading\">Como receber o repelente<\/h2>\n\n\n\n<p>Cada gestante pode receber uma unidade de repelente por m\u00eas. Para ter acesso, \u00e9 necess\u00e1rio que a gestante se dirija at\u00e9 a sua USF de refer\u00eancia, portando caderneta de gestante ou qualquer outro documento que comprove a gravidez.&nbsp;<\/p>\n\n\n\n<p>O repelente dispon\u00edvel nas farm\u00e1cias das Unidades de Sa\u00fade da Fam\u00edlia \u00e9 \u00e0 base de DEET (N-dimetil-meta-toluamida ou N,N-dietil-3-metilbenzamida), aprovado pela Ag\u00eancia Nacional de Vigil\u00e2ncia Sanit\u00e1ria (Anvisa) e apresenta seguran\u00e7a quando usados na gesta\u00e7\u00e3o.&nbsp;<\/p>\n\n\n\n<p>fonte: G1 <\/p>\n\n\n\n<p><\/p>\n\n\n\n<p><\/p>\n\n\n\n<p><\/p>\n\n\n\n<p><\/p>\n","protected":false},"excerpt":{"rendered":"<p>Desde 2019, Aracaju n\u00e3o registra casos de gestantes com zika, um dos fatores de risco para o desenvolvimento de microcefalia no feto. Entretanto, as pacientes podem receber, gratuitamente, repelentes contra o mosquito Aedes aegypti em todas as unidades de Sa\u00fade da Fam\u00edlia (USFs), j\u00e1 que a capital apresenta\u00a0risco m\u00e9dio para surtos e epidemias provocados pelo [&hellip;]<\/p>\n","protected":false},"author":1,"featured_media":4362,"comment_status":"open","ping_status":"open","sticky":false,"template":"","format":"standard","meta":{"footnotes":""},"categories":[10],"tags":[],"class_list":{"0":"post-4361","1":"post","2":"type-post","3":"status-publish","4":"format-standard","5":"has-post-thumbnail","7":"category-theme-features"},"_links":{"self":[{"href":"https:\/\/nordesteimprensa.com.br\/index.php\/wp-json\/wp\/v2\/posts\/4361","targetHints":{"allow":["GET"]}}],"collection":[{"href":"https:\/\/nordesteimprensa.com.br\/index.php\/wp-json\/wp\/v2\/posts"}],"about":[{"href":"https:\/\/nordesteimprensa.com.br\/index.php\/wp-json\/wp\/v2\/types\/post"}],"author":[{"embeddable":true,"href":"https:\/\/nordesteimprensa.com.br\/index.php\/wp-json\/wp\/v2\/users\/1"}],"replies":[{"embeddable":true,"href":"https:\/\/nordesteimprensa.com.br\/index.php\/wp-json\/wp\/v2\/comments?post=4361"}],"version-history":[{"count":1,"href":"https:\/\/nordesteimprensa.com.br\/index.php\/wp-json\/wp\/v2\/posts\/4361\/revisions"}],"predecessor-version":[{"id":4363,"href":"https:\/\/nordesteimprensa.com.br\/index.php\/wp-json\/wp\/v2\/posts\/4361\/revisions\/4363"}],"wp:featuredmedia":[{"embeddable":true,"href":"https:\/\/nordesteimprensa.com.br\/index.php\/wp-json\/wp\/v2\/media\/4362"}],"wp:attachment":[{"href":"https:\/\/nordesteimprensa.com.br\/index.php\/wp-json\/wp\/v2\/media?parent=4361"}],"wp:term":[{"taxonomy":"category","embeddable":true,"href":"https:\/\/nordesteimprensa.com.br\/index.php\/wp-json\/wp\/v2\/categories?post=4361"},{"taxonomy":"post_tag","embeddable":true,"href":"https:\/\/nordesteimprensa.com.br\/index.php\/wp-json\/wp\/v2\/tags?post=4361"}],"curies":[{"name":"wp","href":"https:\/\/api.w.org\/{rel}","templated":true}]}}