{"id":4380,"date":"2024-03-02T10:10:10","date_gmt":"2024-03-02T13:10:10","guid":{"rendered":"https:\/\/nordesteimprensa.com.br\/?p=4380"},"modified":"2024-03-02T10:10:11","modified_gmt":"2024-03-02T13:10:11","slug":"aracaju-retoma-pontos-de-vacinacao-em-shoppings-a-partir-deste-sabado","status":"publish","type":"post","link":"https:\/\/nordesteimprensa.com.br\/index.php\/2024\/03\/02\/aracaju-retoma-pontos-de-vacinacao-em-shoppings-a-partir-deste-sabado\/","title":{"rendered":"Aracaju retoma pontos de vacina\u00e7\u00e3o em shoppings a partir deste s\u00e1bado"},"content":{"rendered":"\n<p>Os pontos de imuniza\u00e7\u00e3o nos shoppings RioMar, Jardins e\u00a0Aracaju\u00a0Parque Shopping voltam a funcionar na capital somente aos s\u00e1bados, das 13 \u00e0s 18h. A informa\u00e7\u00e3o \u00e9 da Secretaria Municipal da Sa\u00fade (SMS).\u00a0<\/p>\n\n\n\n<p>De acordo com a SMS, a baixa procura da popula\u00e7\u00e3o pelo servi\u00e7o durante a semana fez com que a secretaria reorganizasse o fluxo do funcionamento. Os pontos v\u00e3o ofertar imunizantes para crian\u00e7as a partir dos 5 anos. A vacina Pfizer Baby n\u00e3o ser\u00e1 ofertada&nbsp;<\/p>\n\n\n\n<p>Para se vacinar, \u00e9 necess\u00e1rio apresentar documento de identifica\u00e7\u00e3o (que, no caso das crian\u00e7as, deve ser em nome do adulto respons\u00e1vel) e cart\u00e3o de vacina.&nbsp;<\/p>\n\n\n\n<p>Estar\u00e3o dispon\u00edveis os imunizantes do Calend\u00e1rio de vacina de rotina, contra covid-19, febre amarela, hepatite B, penta, HPV, dupla adulto, DTP, tr\u00edplice viral, meningoc\u00f3cica ACWY (conjugada) e covid-19, incluindo o refor\u00e7o bivalente.<\/p>\n\n\n\n<p>Fonte: G1 Se<\/p>\n","protected":false},"excerpt":{"rendered":"<p>Os pontos de imuniza\u00e7\u00e3o nos shoppings RioMar, Jardins e\u00a0Aracaju\u00a0Parque Shopping voltam a funcionar na capital somente aos s\u00e1bados, das 13 \u00e0s 18h. A informa\u00e7\u00e3o \u00e9 da Secretaria Municipal da Sa\u00fade (SMS).\u00a0 De acordo com a SMS, a baixa procura da popula\u00e7\u00e3o pelo servi\u00e7o durante a semana fez com que a secretaria reorganizasse o fluxo do [&hellip;]<\/p>\n","protected":false},"author":1,"featured_media":4381,"comment_status":"open","ping_status":"open","sticky":false,"template":"","format":"standard","meta":{"footnotes":""},"categories":[10],"tags":[],"class_list":{"0":"post-4380","1":"post","2":"type-post","3":"status-publish","4":"format-standard","5":"has-post-thumbnail","7":"category-theme-features"},"_links":{"self":[{"href":"https:\/\/nordesteimprensa.com.br\/index.php\/wp-json\/wp\/v2\/posts\/4380","targetHints":{"allow":["GET"]}}],"collection":[{"href":"https:\/\/nordesteimprensa.com.br\/index.php\/wp-json\/wp\/v2\/posts"}],"about":[{"href":"https:\/\/nordesteimprensa.com.br\/index.php\/wp-json\/wp\/v2\/types\/post"}],"author":[{"embeddable":true,"href":"https:\/\/nordesteimprensa.com.br\/index.php\/wp-json\/wp\/v2\/users\/1"}],"replies":[{"embeddable":true,"href":"https:\/\/nordesteimprensa.com.br\/index.php\/wp-json\/wp\/v2\/comments?post=4380"}],"version-history":[{"count":1,"href":"https:\/\/nordesteimprensa.com.br\/index.php\/wp-json\/wp\/v2\/posts\/4380\/revisions"}],"predecessor-version":[{"id":4382,"href":"https:\/\/nordesteimprensa.com.br\/index.php\/wp-json\/wp\/v2\/posts\/4380\/revisions\/4382"}],"wp:featuredmedia":[{"embeddable":true,"href":"https:\/\/nordesteimprensa.com.br\/index.php\/wp-json\/wp\/v2\/media\/4381"}],"wp:attachment":[{"href":"https:\/\/nordesteimprensa.com.br\/index.php\/wp-json\/wp\/v2\/media?parent=4380"}],"wp:term":[{"taxonomy":"category","embeddable":true,"href":"https:\/\/nordesteimprensa.com.br\/index.php\/wp-json\/wp\/v2\/categories?post=4380"},{"taxonomy":"post_tag","embeddable":true,"href":"https:\/\/nordesteimprensa.com.br\/index.php\/wp-json\/wp\/v2\/tags?post=4380"}],"curies":[{"name":"wp","href":"https:\/\/api.w.org\/{rel}","templated":true}]}}