{"id":4712,"date":"2024-04-14T10:57:19","date_gmt":"2024-04-14T13:57:19","guid":{"rendered":"https:\/\/nordesteimprensa.com.br\/?p=4712"},"modified":"2024-04-15T13:00:17","modified_gmt":"2024-04-15T16:00:17","slug":"acidente-entre-caminhao-e-guincho-deixa-um-morto-e-dois-feridos-na-br-101-em-se","status":"publish","type":"post","link":"https:\/\/nordesteimprensa.com.br\/index.php\/2024\/04\/14\/acidente-entre-caminhao-e-guincho-deixa-um-morto-e-dois-feridos-na-br-101-em-se\/","title":{"rendered":"Acidente entre caminh\u00e3o e guincho deixa um morto e dois feridos na BR-101 em SE"},"content":{"rendered":"\n<p>Um acidente envolvendo um caminh\u00e3o e um guincho deixou uma pessoa morta e duas feridas na manh\u00e3 desta quinta-feira (11), no KM 64 da BR-101, entre os munic\u00edpios de Ros\u00e1rio do Catete e Santo Amaro. De acordo com a Pol\u00edcia Rodovi\u00e1ria Federal, o tr\u00e2nsito ficou fechado nos dois sentidos por cerca de tr\u00eas horas, formando um congestionamento de cerca de cinco quil\u00f4metros.\u00a0<\/p>\n\n\n\n<p>Testemunhas relataram que um dos ve\u00edculos tentou desviar do outro, mas ambos acabaram batendo de frente. O caminh\u00e3o rodou na pista e o guincho caiu na descida do acostamento.&nbsp;<\/p>\n\n\n\n<p>A assessoria de comunica\u00e7\u00e3o dos Correios informou ao\u00a0<strong>g1<\/strong>\u00a0que o caminh\u00e3o estava carregado de encomendas e ia de Recife para Salvador, com parada para Aracaju. Ainda n\u00e3o h\u00e1 informa\u00e7\u00f5es sobre o estado de sa\u00fade do motorista.<\/p>\n\n\n\n<p>Os feridos foram socorridos pelo Servi\u00e7o de Atendimento M\u00f3vel de Urg\u00eancia e levados ao Hospital de Urg\u00eancias de Sergipe (Huse). Um homem, de 40 anos, ficou em estado grave, e o outro, de 38, teve les\u00f5es leves. O corpo da v\u00edtima fatal foi levado pelo Instituto M\u00e9dico Legal.&nbsp;<\/p>\n\n\n\n<p>Segundo o Huse, um dos pacientes apresenta trauma raquimedular (les\u00e3o traum\u00e1tica das estruturas neurol\u00f3gicas encontradas no interior da coluna vertebral). Ele passou por exames e avalia\u00e7\u00f5es em diversas especialidades e segue sob os cuidados da equipe de neurocirurgia. O quadro de sa\u00fade \u00e9 considerado est\u00e1vel.&nbsp;<\/p>\n\n\n\n<p>J\u00e1 o outro apresenta escoria\u00e7\u00f5es em face, bra\u00e7o e m\u00e3o esquerda. Ele realizou exames e continua em avalia\u00e7\u00e3o.<\/p>\n\n\n\n<p>Fonte: G1<\/p>\n\n\n\n<p><br><\/p>\n\n\n\n<p><br><\/p>\n","protected":false},"excerpt":{"rendered":"<p>Um acidente envolvendo um caminh\u00e3o e um guincho deixou uma pessoa morta e duas feridas na manh\u00e3 desta quinta-feira (11), no KM 64 da BR-101, entre os munic\u00edpios de Ros\u00e1rio do Catete e Santo Amaro. De acordo com a Pol\u00edcia Rodovi\u00e1ria Federal, o tr\u00e2nsito ficou fechado nos dois sentidos por cerca de tr\u00eas horas, formando [&hellip;]<\/p>\n","protected":false},"author":1,"featured_media":4713,"comment_status":"open","ping_status":"open","sticky":false,"template":"","format":"standard","meta":{"footnotes":""},"categories":[10],"tags":[],"class_list":{"0":"post-4712","1":"post","2":"type-post","3":"status-publish","4":"format-standard","5":"has-post-thumbnail","7":"category-theme-features"},"_links":{"self":[{"href":"https:\/\/nordesteimprensa.com.br\/index.php\/wp-json\/wp\/v2\/posts\/4712","targetHints":{"allow":["GET"]}}],"collection":[{"href":"https:\/\/nordesteimprensa.com.br\/index.php\/wp-json\/wp\/v2\/posts"}],"about":[{"href":"https:\/\/nordesteimprensa.com.br\/index.php\/wp-json\/wp\/v2\/types\/post"}],"author":[{"embeddable":true,"href":"https:\/\/nordesteimprensa.com.br\/index.php\/wp-json\/wp\/v2\/users\/1"}],"replies":[{"embeddable":true,"href":"https:\/\/nordesteimprensa.com.br\/index.php\/wp-json\/wp\/v2\/comments?post=4712"}],"version-history":[{"count":1,"href":"https:\/\/nordesteimprensa.com.br\/index.php\/wp-json\/wp\/v2\/posts\/4712\/revisions"}],"predecessor-version":[{"id":4714,"href":"https:\/\/nordesteimprensa.com.br\/index.php\/wp-json\/wp\/v2\/posts\/4712\/revisions\/4714"}],"wp:featuredmedia":[{"embeddable":true,"href":"https:\/\/nordesteimprensa.com.br\/index.php\/wp-json\/wp\/v2\/media\/4713"}],"wp:attachment":[{"href":"https:\/\/nordesteimprensa.com.br\/index.php\/wp-json\/wp\/v2\/media?parent=4712"}],"wp:term":[{"taxonomy":"category","embeddable":true,"href":"https:\/\/nordesteimprensa.com.br\/index.php\/wp-json\/wp\/v2\/categories?post=4712"},{"taxonomy":"post_tag","embeddable":true,"href":"https:\/\/nordesteimprensa.com.br\/index.php\/wp-json\/wp\/v2\/tags?post=4712"}],"curies":[{"name":"wp","href":"https:\/\/api.w.org\/{rel}","templated":true}]}}