{"id":4719,"date":"2024-04-13T17:12:29","date_gmt":"2024-04-13T20:12:29","guid":{"rendered":"https:\/\/nordesteimprensa.com.br\/?p=4719"},"modified":"2024-04-15T12:59:03","modified_gmt":"2024-04-15T15:59:03","slug":"aracaju-realiza-dia-d-de-vacinacao-contra-a-influenza-no-proximo-sabado","status":"publish","type":"post","link":"https:\/\/nordesteimprensa.com.br\/index.php\/2024\/04\/13\/aracaju-realiza-dia-d-de-vacinacao-contra-a-influenza-no-proximo-sabado\/","title":{"rendered":"Aracaju realiza Dia D de vacina\u00e7\u00e3o contra a influenza no pr\u00f3ximo s\u00e1bado"},"content":{"rendered":"\n<h1 class=\"wp-block-heading\">Por g1 SE<\/h1>\n\n\n\n<p>10\/04\/2024 12h24&nbsp;&nbsp;Atualizado&nbsp;h\u00e1 um dia<\/p>\n\n\n\n<figure class=\"wp-block-image\"><img decoding=\"async\" src=\"https:\/\/s2-g1.glbimg.com\/cnK5AvEE85HXJcBW0CTjoki4Dv4=\/0x0:1700x1065\/984x0\/smart\/filters:strip_icc()\/i.s3.glbimg.com\/v1\/AUTH_59edd422c0c84a879bd37670ae4f538a\/internal_photos\/bs\/2017\/7\/6\/QBfAVPSaGLP2yYcAr7Jg\/foto-2.jpg\" alt=\"Idoso se vacinando \u2014 Foto: PMA\/arquivo\"\/><\/figure>\n\n\n\n<p>I<\/p>\n\n\n\n<p>O Dia D de vacina\u00e7\u00e3o contra a influenza em&nbsp;<a class=\"\" href=\"https:\/\/g1.globo.com\/se\/sergipe\/cidade\/aracaju\/\">Aracaju<\/a>&nbsp;acontecer\u00e1 neste s\u00e1bado (13), em dez unidades de Sa\u00fade da Fam\u00edlia (USF), das 7h30 \u00e0s 12h30, e nos tr\u00eas shoppings da capital, das 10h \u00e0s 16h. Al\u00e9m da gripe, a popula\u00e7\u00e3o tamb\u00e9m poder\u00e1 atualizar o cart\u00e3o de vacina e se proteger contra outras doen\u00e7as.<\/p>\n\n\n\n<p><\/p>\n\n\n\n<p>Nos tr\u00eas shoppings, as vacinas estar\u00e3o dispon\u00edveis apenas para o p\u00fablico com idade a partir de 5 anos.<\/p>\n\n\n\n<p>As unidades de sa\u00fade em funcionamento ser\u00e3o: Marx de Carvalho (bairro Ponto Novo), Augusto Franco (Conjunto Augusto Franco), Sinhazinha (bairro Grageru), Celso Daniel (bairro Santa Maria), Manoel de Souza (Conj. Sol Nascente), Niceu Dantas (bairro Mosqueiro), On\u00e9simo Pinto (bairro Jardim Centen\u00e1rio), Ed\u00e9zio Vieira (bairro Siqueira Campos), Osvaldo Leite (bairro Santa Maria) e C\u00e2ndida Alves (bairro Santo Ant\u00f4nio).<\/p>\n\n\n\n<p>Ser\u00e1 necess\u00e1rio apresentar um documento oficial com foto, cart\u00e3o de vacina e o comprovante de resid\u00eancia. Os profissionais listados nos grupos priorit\u00e1rios dever\u00e3o apresentar, ainda, um comprovante profissional, a exemplo do contracheque.<\/p>\n\n\n\n<h2 class=\"wp-block-heading\">Grupos priorit\u00e1rios<\/h2>\n\n\n\n<ul class=\"wp-block-list\">\n<li>crian\u00e7as de 6 meses a menores de 6 anos;<\/li>\n\n\n\n<li>idosos com 60 anos ou mais;<\/li>\n\n\n\n<li>gestantes e pu\u00e9rperas;<\/li>\n\n\n\n<li>trabalhadores de sa\u00fade;<\/li>\n\n\n\n<li>pessoas em situa\u00e7\u00e3o de rua;<\/li>\n\n\n\n<li>pessoas com defici\u00eancia permanente a partir de 12 anos;<\/li>\n\n\n\n<li>professores;<\/li>\n\n\n\n<li>For\u00e7as Armadas, for\u00e7as de seguran\u00e7a e salvamento;<\/li>\n\n\n\n<li>trabalhadores do transporte p\u00fablico;<\/li>\n\n\n\n<li>adolescentes em medidas socioeducativas menores de 18 anos, popula\u00e7\u00e3o privada de liberdade maior de 18 anos, funcion\u00e1rio do Sistema de Priva\u00e7\u00e3o de Liberdade;<\/li>\n\n\n\n<li>caminhoneiros.<\/li>\n<\/ul>\n\n\n\n<p>fonte : G1<\/p>\n","protected":false},"excerpt":{"rendered":"<p>Por g1 SE 10\/04\/2024 12h24&nbsp;&nbsp;Atualizado&nbsp;h\u00e1 um dia I O Dia D de vacina\u00e7\u00e3o contra a influenza em&nbsp;Aracaju&nbsp;acontecer\u00e1 neste s\u00e1bado (13), em dez unidades de Sa\u00fade da Fam\u00edlia (USF), das 7h30 \u00e0s 12h30, e nos tr\u00eas shoppings da capital, das 10h \u00e0s 16h. Al\u00e9m da gripe, a popula\u00e7\u00e3o tamb\u00e9m poder\u00e1 atualizar o cart\u00e3o de vacina e [&hellip;]<\/p>\n","protected":false},"author":6,"featured_media":4720,"comment_status":"open","ping_status":"open","sticky":false,"template":"","format":"standard","meta":{"footnotes":""},"categories":[10],"tags":[],"class_list":{"0":"post-4719","1":"post","2":"type-post","3":"status-publish","4":"format-standard","5":"has-post-thumbnail","7":"category-theme-features"},"_links":{"self":[{"href":"https:\/\/nordesteimprensa.com.br\/index.php\/wp-json\/wp\/v2\/posts\/4719","targetHints":{"allow":["GET"]}}],"collection":[{"href":"https:\/\/nordesteimprensa.com.br\/index.php\/wp-json\/wp\/v2\/posts"}],"about":[{"href":"https:\/\/nordesteimprensa.com.br\/index.php\/wp-json\/wp\/v2\/types\/post"}],"author":[{"embeddable":true,"href":"https:\/\/nordesteimprensa.com.br\/index.php\/wp-json\/wp\/v2\/users\/6"}],"replies":[{"embeddable":true,"href":"https:\/\/nordesteimprensa.com.br\/index.php\/wp-json\/wp\/v2\/comments?post=4719"}],"version-history":[{"count":2,"href":"https:\/\/nordesteimprensa.com.br\/index.php\/wp-json\/wp\/v2\/posts\/4719\/revisions"}],"predecessor-version":[{"id":4737,"href":"https:\/\/nordesteimprensa.com.br\/index.php\/wp-json\/wp\/v2\/posts\/4719\/revisions\/4737"}],"wp:featuredmedia":[{"embeddable":true,"href":"https:\/\/nordesteimprensa.com.br\/index.php\/wp-json\/wp\/v2\/media\/4720"}],"wp:attachment":[{"href":"https:\/\/nordesteimprensa.com.br\/index.php\/wp-json\/wp\/v2\/media?parent=4719"}],"wp:term":[{"taxonomy":"category","embeddable":true,"href":"https:\/\/nordesteimprensa.com.br\/index.php\/wp-json\/wp\/v2\/categories?post=4719"},{"taxonomy":"post_tag","embeddable":true,"href":"https:\/\/nordesteimprensa.com.br\/index.php\/wp-json\/wp\/v2\/tags?post=4719"}],"curies":[{"name":"wp","href":"https:\/\/api.w.org\/{rel}","templated":true}]}}