{"id":4728,"date":"2024-04-15T12:38:22","date_gmt":"2024-04-15T15:38:22","guid":{"rendered":"https:\/\/nordesteimprensa.com.br\/?p=4728"},"modified":"2024-04-15T12:38:23","modified_gmt":"2024-04-15T15:38:23","slug":"cartorios-eleitorais-em-sergipe-passam-a-atender-em-horarios-ampliados","status":"publish","type":"post","link":"https:\/\/nordesteimprensa.com.br\/index.php\/2024\/04\/15\/cartorios-eleitorais-em-sergipe-passam-a-atender-em-horarios-ampliados\/","title":{"rendered":"Cart\u00f3rios eleitorais em Sergipe passam a atender em hor\u00e1rios ampliados"},"content":{"rendered":"\n<p>A partir desta segunda-feira (15), o Tribunal Regional Eleitoral de Sergipe far\u00e1 atendimento com hor\u00e1rios ampliados nos cart\u00f3rios eleitorais. O objetivo \u00e9 facilitar o acesso dos cidad\u00e3os aos servi\u00e7os eleitorais, levando em considera\u00e7\u00e3o o Calend\u00e1rio Eleitoral das Elei\u00e7\u00f5es de 2024.<\/p>\n\n\n\n<p>Conforme a amplia\u00e7\u00e3o, o hor\u00e1rio de funcionamento dos Cart\u00f3rios Eleitorais da Capital e na Central de Atendimento de Aracaju ser\u00e1 das 7 \u00e0s 16 horas. J\u00e1 nos Cart\u00f3rios Eleitorais do Interior, o atendimento ocorrer\u00e1 das 8 \u00e0s 17 horas.&nbsp;<\/p>\n\n\n\n<p>O TRE informou ainda que haver\u00e1 hor\u00e1rio especial em datas espec\u00edficas. Nos dias 27 de abril (s\u00e1bado), 01 de maio (feriado) e no dia 04 de maio (s\u00e1bado), a Central de Atendimento em Aracaju funcionar\u00e1 das 7h \u00e0s 16h, enquanto os Cart\u00f3rios Eleitorais do Interior tamb\u00e9m abrir\u00e3o das 8 \u00e0s 14 horas.<\/p>\n\n\n\n<p>Fonte: A8se<\/p>\n\n\n\n<p><\/p>\n\n\n\n<p><br><\/p>\n","protected":false},"excerpt":{"rendered":"<p>A partir desta segunda-feira (15), o Tribunal Regional Eleitoral de Sergipe far\u00e1 atendimento com hor\u00e1rios ampliados nos cart\u00f3rios eleitorais. O objetivo \u00e9 facilitar o acesso dos cidad\u00e3os aos servi\u00e7os eleitorais, levando em considera\u00e7\u00e3o o Calend\u00e1rio Eleitoral das Elei\u00e7\u00f5es de 2024. Conforme a amplia\u00e7\u00e3o, o hor\u00e1rio de funcionamento dos Cart\u00f3rios Eleitorais da Capital e na Central [&hellip;]<\/p>\n","protected":false},"author":1,"featured_media":4729,"comment_status":"open","ping_status":"open","sticky":false,"template":"","format":"standard","meta":{"footnotes":""},"categories":[10],"tags":[],"class_list":{"0":"post-4728","1":"post","2":"type-post","3":"status-publish","4":"format-standard","5":"has-post-thumbnail","7":"category-theme-features"},"_links":{"self":[{"href":"https:\/\/nordesteimprensa.com.br\/index.php\/wp-json\/wp\/v2\/posts\/4728","targetHints":{"allow":["GET"]}}],"collection":[{"href":"https:\/\/nordesteimprensa.com.br\/index.php\/wp-json\/wp\/v2\/posts"}],"about":[{"href":"https:\/\/nordesteimprensa.com.br\/index.php\/wp-json\/wp\/v2\/types\/post"}],"author":[{"embeddable":true,"href":"https:\/\/nordesteimprensa.com.br\/index.php\/wp-json\/wp\/v2\/users\/1"}],"replies":[{"embeddable":true,"href":"https:\/\/nordesteimprensa.com.br\/index.php\/wp-json\/wp\/v2\/comments?post=4728"}],"version-history":[{"count":1,"href":"https:\/\/nordesteimprensa.com.br\/index.php\/wp-json\/wp\/v2\/posts\/4728\/revisions"}],"predecessor-version":[{"id":4730,"href":"https:\/\/nordesteimprensa.com.br\/index.php\/wp-json\/wp\/v2\/posts\/4728\/revisions\/4730"}],"wp:featuredmedia":[{"embeddable":true,"href":"https:\/\/nordesteimprensa.com.br\/index.php\/wp-json\/wp\/v2\/media\/4729"}],"wp:attachment":[{"href":"https:\/\/nordesteimprensa.com.br\/index.php\/wp-json\/wp\/v2\/media?parent=4728"}],"wp:term":[{"taxonomy":"category","embeddable":true,"href":"https:\/\/nordesteimprensa.com.br\/index.php\/wp-json\/wp\/v2\/categories?post=4728"},{"taxonomy":"post_tag","embeddable":true,"href":"https:\/\/nordesteimprensa.com.br\/index.php\/wp-json\/wp\/v2\/tags?post=4728"}],"curies":[{"name":"wp","href":"https:\/\/api.w.org\/{rel}","templated":true}]}}