{"id":4731,"date":"2024-04-15T12:41:13","date_gmt":"2024-04-15T15:41:13","guid":{"rendered":"https:\/\/nordesteimprensa.com.br\/?p=4731"},"modified":"2024-04-15T12:41:13","modified_gmt":"2024-04-15T15:41:13","slug":"acidente-na-se-270-deixa-tres-pessoas-mortas-e-tres-gravemente-feridas-criancas-estao-entre-as-vitimas","status":"publish","type":"post","link":"https:\/\/nordesteimprensa.com.br\/index.php\/2024\/04\/15\/acidente-na-se-270-deixa-tres-pessoas-mortas-e-tres-gravemente-feridas-criancas-estao-entre-as-vitimas\/","title":{"rendered":"Acidente na SE-270 deixa tr\u00eas pessoas mortas e tr\u00eas gravemente feridas; crian\u00e7as est\u00e3o entre as v\u00edtimas"},"content":{"rendered":"\n<p>Duas mulheres e uma crian\u00e7a morreram durante uma batida entre dois carros, na SE-270, no munic\u00edpio de\u00a0Lagarto, no fim da noite desse domingo (14). Segundo o Batalh\u00e3o de Pol\u00edcia Rodovi\u00e1ria Estadual, um homem e duas crian\u00e7as, de cinco e 11 anos, ficaram gravemente feridas.\u00a0<\/p>\n\n\n\n<p>Testemunhas relataram aos policiais que um dos ve\u00edculos trafegava em dire\u00e7\u00e3o \u00e0 cidade de Salgado, quando perdeu o controle, rodou na pista, e bateu lateralmente com o outro carro. Um dos condutores abandonou o carro e fugiu.&nbsp;<\/p>\n\n\n\n<p>J\u00e1 o outro motorista e as crian\u00e7as feridas foram encaminhados ao Hospital de Urg\u00eancia de Sergipe (Huse) em estado grave de sa\u00fade.&nbsp;Segundo a assessoria de comunica\u00e7\u00e3o da unidade, o homem j\u00e1 chegou entubado, passou por exames e est\u00e1 em intensivos na ala vermelha do Huse. Ele apresenta trauma abdominal e tor\u00e1cico e fraturas.&nbsp;&nbsp;<\/p>\n\n\n\n<p>J\u00e1 as crian\u00e7as est\u00e3o sob os cuidados da equipe multidisciplinar da unidade pedi\u00e1trica de alta complexidade. Elas passaram por exames e seguem em acompanhamento de diversas especialidades na unidade de apoio cr\u00edtico\/\u00e1rea vermelha. Uma delas est\u00e1 entubada.&nbsp;<\/p>\n\n\n\n<p>O caso ser\u00e1 investigado pela Pol\u00edcia Civil.<\/p>\n\n\n\n<p>Fonte:G1<\/p>\n\n\n\n<p><\/p>\n\n\n\n<p><\/p>\n","protected":false},"excerpt":{"rendered":"<p>Duas mulheres e uma crian\u00e7a morreram durante uma batida entre dois carros, na SE-270, no munic\u00edpio de\u00a0Lagarto, no fim da noite desse domingo (14). Segundo o Batalh\u00e3o de Pol\u00edcia Rodovi\u00e1ria Estadual, um homem e duas crian\u00e7as, de cinco e 11 anos, ficaram gravemente feridas.\u00a0 Testemunhas relataram aos policiais que um dos ve\u00edculos trafegava em dire\u00e7\u00e3o [&hellip;]<\/p>\n","protected":false},"author":1,"featured_media":4732,"comment_status":"open","ping_status":"open","sticky":false,"template":"","format":"standard","meta":{"footnotes":""},"categories":[10],"tags":[],"class_list":{"0":"post-4731","1":"post","2":"type-post","3":"status-publish","4":"format-standard","5":"has-post-thumbnail","7":"category-theme-features"},"_links":{"self":[{"href":"https:\/\/nordesteimprensa.com.br\/index.php\/wp-json\/wp\/v2\/posts\/4731","targetHints":{"allow":["GET"]}}],"collection":[{"href":"https:\/\/nordesteimprensa.com.br\/index.php\/wp-json\/wp\/v2\/posts"}],"about":[{"href":"https:\/\/nordesteimprensa.com.br\/index.php\/wp-json\/wp\/v2\/types\/post"}],"author":[{"embeddable":true,"href":"https:\/\/nordesteimprensa.com.br\/index.php\/wp-json\/wp\/v2\/users\/1"}],"replies":[{"embeddable":true,"href":"https:\/\/nordesteimprensa.com.br\/index.php\/wp-json\/wp\/v2\/comments?post=4731"}],"version-history":[{"count":1,"href":"https:\/\/nordesteimprensa.com.br\/index.php\/wp-json\/wp\/v2\/posts\/4731\/revisions"}],"predecessor-version":[{"id":4733,"href":"https:\/\/nordesteimprensa.com.br\/index.php\/wp-json\/wp\/v2\/posts\/4731\/revisions\/4733"}],"wp:featuredmedia":[{"embeddable":true,"href":"https:\/\/nordesteimprensa.com.br\/index.php\/wp-json\/wp\/v2\/media\/4732"}],"wp:attachment":[{"href":"https:\/\/nordesteimprensa.com.br\/index.php\/wp-json\/wp\/v2\/media?parent=4731"}],"wp:term":[{"taxonomy":"category","embeddable":true,"href":"https:\/\/nordesteimprensa.com.br\/index.php\/wp-json\/wp\/v2\/categories?post=4731"},{"taxonomy":"post_tag","embeddable":true,"href":"https:\/\/nordesteimprensa.com.br\/index.php\/wp-json\/wp\/v2\/tags?post=4731"}],"curies":[{"name":"wp","href":"https:\/\/api.w.org\/{rel}","templated":true}]}}