{"id":4738,"date":"2024-04-16T14:23:23","date_gmt":"2024-04-16T17:23:23","guid":{"rendered":"https:\/\/nordesteimprensa.com.br\/?p=4738"},"modified":"2024-04-16T14:23:23","modified_gmt":"2024-04-16T17:23:23","slug":"homem-de-60-anos-e-diagnosticado-com-malaria-em-sergipe","status":"publish","type":"post","link":"https:\/\/nordesteimprensa.com.br\/index.php\/2024\/04\/16\/homem-de-60-anos-e-diagnosticado-com-malaria-em-sergipe\/","title":{"rendered":"Homem de 60 anos \u00e9 diagnosticado com mal\u00e1ria em Sergipe"},"content":{"rendered":"\n<p>Um homem de 60 anos que est\u00e1 internado no Hospital Regional Jos\u00e9 Franco Sobrinho, em Nossa Senhora do Socorro foi diagnosticado com mal\u00e1ria. A informa\u00e7\u00e3o foi divulgada pela Secretaria de Estado da Sa\u00fade (SES), na \u00faltima segunda-feira (15).<\/p>\n\n\n\n<p>Segundo a SES, ele chegou da \u00c1frica h\u00e1 quatro dias e come\u00e7ou a apresentar sintomas como febre, astenia, dor muscular e cefal\u00e9ia h\u00e1 cerca de dois dias. &#8220;Como o paciente vem de uma \u00e1rea de transmiss\u00e3o foi realizado teste r\u00e1pido fornecido pelo Laborat\u00f3rio Central de Sa\u00fade P\u00fablica de Sergipe ( Lacen), positivando para mal\u00e1ria&#8221;, disse por meio de nota.<\/p>\n\n\n\n<p>Al\u00e9m disso, tamb\u00e9m foi realizada a coleta de amostra de sangue para realiza\u00e7\u00e3o da identifica\u00e7\u00e3o do parasita que confirmou caso de Mal\u00e1ria falciparum.<\/p>\n\n\n\n<p>Sobre o estado de sa\u00fade do paciente, a Secretaria informa que ele se encontra responsivo, colaborativo, interagindo e verbalizando. Os m\u00e9dicos consideram seu estado de sa\u00fade est\u00e1vel.<\/p>\n\n\n\n<p>Fonte: A8se<\/p>\n\n\n\n<p><br><\/p>\n\n\n\n<p><\/p>\n\n\n\n<p><\/p>\n","protected":false},"excerpt":{"rendered":"<p>Um homem de 60 anos que est\u00e1 internado no Hospital Regional Jos\u00e9 Franco Sobrinho, em Nossa Senhora do Socorro foi diagnosticado com mal\u00e1ria. A informa\u00e7\u00e3o foi divulgada pela Secretaria de Estado da Sa\u00fade (SES), na \u00faltima segunda-feira (15). Segundo a SES, ele chegou da \u00c1frica h\u00e1 quatro dias e come\u00e7ou a apresentar sintomas como febre, [&hellip;]<\/p>\n","protected":false},"author":1,"featured_media":4739,"comment_status":"open","ping_status":"open","sticky":false,"template":"","format":"standard","meta":{"footnotes":""},"categories":[10],"tags":[],"class_list":{"0":"post-4738","1":"post","2":"type-post","3":"status-publish","4":"format-standard","5":"has-post-thumbnail","7":"category-theme-features"},"_links":{"self":[{"href":"https:\/\/nordesteimprensa.com.br\/index.php\/wp-json\/wp\/v2\/posts\/4738","targetHints":{"allow":["GET"]}}],"collection":[{"href":"https:\/\/nordesteimprensa.com.br\/index.php\/wp-json\/wp\/v2\/posts"}],"about":[{"href":"https:\/\/nordesteimprensa.com.br\/index.php\/wp-json\/wp\/v2\/types\/post"}],"author":[{"embeddable":true,"href":"https:\/\/nordesteimprensa.com.br\/index.php\/wp-json\/wp\/v2\/users\/1"}],"replies":[{"embeddable":true,"href":"https:\/\/nordesteimprensa.com.br\/index.php\/wp-json\/wp\/v2\/comments?post=4738"}],"version-history":[{"count":1,"href":"https:\/\/nordesteimprensa.com.br\/index.php\/wp-json\/wp\/v2\/posts\/4738\/revisions"}],"predecessor-version":[{"id":4740,"href":"https:\/\/nordesteimprensa.com.br\/index.php\/wp-json\/wp\/v2\/posts\/4738\/revisions\/4740"}],"wp:featuredmedia":[{"embeddable":true,"href":"https:\/\/nordesteimprensa.com.br\/index.php\/wp-json\/wp\/v2\/media\/4739"}],"wp:attachment":[{"href":"https:\/\/nordesteimprensa.com.br\/index.php\/wp-json\/wp\/v2\/media?parent=4738"}],"wp:term":[{"taxonomy":"category","embeddable":true,"href":"https:\/\/nordesteimprensa.com.br\/index.php\/wp-json\/wp\/v2\/categories?post=4738"},{"taxonomy":"post_tag","embeddable":true,"href":"https:\/\/nordesteimprensa.com.br\/index.php\/wp-json\/wp\/v2\/tags?post=4738"}],"curies":[{"name":"wp","href":"https:\/\/api.w.org\/{rel}","templated":true}]}}