{"id":4768,"date":"2024-04-18T12:05:46","date_gmt":"2024-04-18T15:05:46","guid":{"rendered":"https:\/\/nordesteimprensa.com.br\/?p=4768"},"modified":"2024-04-18T12:05:46","modified_gmt":"2024-04-18T15:05:46","slug":"homem-morre-apos-carro-colidir-com-uma-vaca-e-depois-em-um-carro-na-rodovia-se-170","status":"publish","type":"post","link":"https:\/\/nordesteimprensa.com.br\/index.php\/2024\/04\/18\/homem-morre-apos-carro-colidir-com-uma-vaca-e-depois-em-um-carro-na-rodovia-se-170\/","title":{"rendered":"Homem morre ap\u00f3s carro colidir com uma vaca e depois em um carro na Rodovia SE-170"},"content":{"rendered":"\n<p>Um homem de 33 anos morreu ap\u00f3s seu carro colidir com uma vaca e depois em outro ve\u00edculo na Rodovia SE-170, no povoado Uberaba, em Lagarto.<\/p>\n\n\n\n<p>Segundo o Batalh\u00e3o de Pol\u00edcia Rodovi\u00e1ria Estadual (BPRv), o carro seguia no sentido S\u00e3o Domingos\/Lagarto, quando bateu contra uma vaca, rodou na pista e atingiu um outro ve\u00edculo que trafegava em sentido contr\u00e1rio.<\/p>\n\n\n\n<p>O motorista do carro n\u00e3o resistiu \u00e0 gravidade do acidente e o Servi\u00e7o de Atendimento M\u00f3vel de Urg\u00eancia (SAMU) constatou o \u00f3bito ainda no local.<\/p>\n\n\n\n<p>O condutor do segundo ve\u00edculo n\u00e3o teve ferimentos.<\/p>\n\n\n\n<p>Fonte: A8se<\/p>\n\n\n\n<p><\/p>\n\n\n\n<p><\/p>\n\n\n\n<p><\/p>\n","protected":false},"excerpt":{"rendered":"<p>Um homem de 33 anos morreu ap\u00f3s seu carro colidir com uma vaca e depois em outro ve\u00edculo na Rodovia SE-170, no povoado Uberaba, em Lagarto. Segundo o Batalh\u00e3o de Pol\u00edcia Rodovi\u00e1ria Estadual (BPRv), o carro seguia no sentido S\u00e3o Domingos\/Lagarto, quando bateu contra uma vaca, rodou na pista e atingiu um outro ve\u00edculo que [&hellip;]<\/p>\n","protected":false},"author":1,"featured_media":4769,"comment_status":"open","ping_status":"open","sticky":false,"template":"","format":"standard","meta":{"footnotes":""},"categories":[10],"tags":[],"class_list":{"0":"post-4768","1":"post","2":"type-post","3":"status-publish","4":"format-standard","5":"has-post-thumbnail","7":"category-theme-features"},"_links":{"self":[{"href":"https:\/\/nordesteimprensa.com.br\/index.php\/wp-json\/wp\/v2\/posts\/4768","targetHints":{"allow":["GET"]}}],"collection":[{"href":"https:\/\/nordesteimprensa.com.br\/index.php\/wp-json\/wp\/v2\/posts"}],"about":[{"href":"https:\/\/nordesteimprensa.com.br\/index.php\/wp-json\/wp\/v2\/types\/post"}],"author":[{"embeddable":true,"href":"https:\/\/nordesteimprensa.com.br\/index.php\/wp-json\/wp\/v2\/users\/1"}],"replies":[{"embeddable":true,"href":"https:\/\/nordesteimprensa.com.br\/index.php\/wp-json\/wp\/v2\/comments?post=4768"}],"version-history":[{"count":1,"href":"https:\/\/nordesteimprensa.com.br\/index.php\/wp-json\/wp\/v2\/posts\/4768\/revisions"}],"predecessor-version":[{"id":4770,"href":"https:\/\/nordesteimprensa.com.br\/index.php\/wp-json\/wp\/v2\/posts\/4768\/revisions\/4770"}],"wp:featuredmedia":[{"embeddable":true,"href":"https:\/\/nordesteimprensa.com.br\/index.php\/wp-json\/wp\/v2\/media\/4769"}],"wp:attachment":[{"href":"https:\/\/nordesteimprensa.com.br\/index.php\/wp-json\/wp\/v2\/media?parent=4768"}],"wp:term":[{"taxonomy":"category","embeddable":true,"href":"https:\/\/nordesteimprensa.com.br\/index.php\/wp-json\/wp\/v2\/categories?post=4768"},{"taxonomy":"post_tag","embeddable":true,"href":"https:\/\/nordesteimprensa.com.br\/index.php\/wp-json\/wp\/v2\/tags?post=4768"}],"curies":[{"name":"wp","href":"https:\/\/api.w.org\/{rel}","templated":true}]}}