{"id":4774,"date":"2024-04-19T17:27:20","date_gmt":"2024-04-19T20:27:20","guid":{"rendered":"https:\/\/nordesteimprensa.com.br\/?p=4774"},"modified":"2024-04-19T17:27:20","modified_gmt":"2024-04-19T20:27:20","slug":"feirinha-da-gambiarra-marcada-para-este-domingo-na-orla-e-cancelada","status":"publish","type":"post","link":"https:\/\/nordesteimprensa.com.br\/index.php\/2024\/04\/19\/feirinha-da-gambiarra-marcada-para-este-domingo-na-orla-e-cancelada\/","title":{"rendered":"Feirinha da Gambiarra marcada para este domingo na Orla \u00e9 cancelada"},"content":{"rendered":"\n<p>A 33\u00aa edi\u00e7\u00e3o da Feirinha da Gambiarra, que aconteceria neste domingo, 21, na Pra\u00e7a de Eventos da Orla de Atalaia, foi cancelada. A informa\u00e7\u00e3o foi nesta sexta-feira, 19, divulgada pela organiza\u00e7\u00e3o do evento.<\/p>\n\n\n\n<p>A informa\u00e7\u00e3o \u00e9 que o adiamento ocorreu por causa da previs\u00e3o de fortes chuvas para este domingo. \u201cA organiza\u00e7\u00e3o, sempre pensando em proporcionar a melhor experi\u00eancia para expositores e p\u00fablico, ir\u00e1 remarcar o evento\u201d, diz um trecho do comunicado.<\/p>\n\n\n\n<p>De acordo com a organiza\u00e7\u00e3o do evento, a nova data ser\u00e1 comunicada em breve.<\/p>\n\n\n\n<p>Fonte: Infonet<\/p>\n\n\n\n<p><\/p>\n\n\n\n<p><\/p>\n","protected":false},"excerpt":{"rendered":"<p>A 33\u00aa edi\u00e7\u00e3o da Feirinha da Gambiarra, que aconteceria neste domingo, 21, na Pra\u00e7a de Eventos da Orla de Atalaia, foi cancelada. A informa\u00e7\u00e3o foi nesta sexta-feira, 19, divulgada pela organiza\u00e7\u00e3o do evento. A informa\u00e7\u00e3o \u00e9 que o adiamento ocorreu por causa da previs\u00e3o de fortes chuvas para este domingo. \u201cA organiza\u00e7\u00e3o, sempre pensando em [&hellip;]<\/p>\n","protected":false},"author":1,"featured_media":4775,"comment_status":"open","ping_status":"open","sticky":false,"template":"","format":"standard","meta":{"footnotes":""},"categories":[10],"tags":[],"class_list":{"0":"post-4774","1":"post","2":"type-post","3":"status-publish","4":"format-standard","5":"has-post-thumbnail","7":"category-theme-features"},"_links":{"self":[{"href":"https:\/\/nordesteimprensa.com.br\/index.php\/wp-json\/wp\/v2\/posts\/4774","targetHints":{"allow":["GET"]}}],"collection":[{"href":"https:\/\/nordesteimprensa.com.br\/index.php\/wp-json\/wp\/v2\/posts"}],"about":[{"href":"https:\/\/nordesteimprensa.com.br\/index.php\/wp-json\/wp\/v2\/types\/post"}],"author":[{"embeddable":true,"href":"https:\/\/nordesteimprensa.com.br\/index.php\/wp-json\/wp\/v2\/users\/1"}],"replies":[{"embeddable":true,"href":"https:\/\/nordesteimprensa.com.br\/index.php\/wp-json\/wp\/v2\/comments?post=4774"}],"version-history":[{"count":1,"href":"https:\/\/nordesteimprensa.com.br\/index.php\/wp-json\/wp\/v2\/posts\/4774\/revisions"}],"predecessor-version":[{"id":4776,"href":"https:\/\/nordesteimprensa.com.br\/index.php\/wp-json\/wp\/v2\/posts\/4774\/revisions\/4776"}],"wp:featuredmedia":[{"embeddable":true,"href":"https:\/\/nordesteimprensa.com.br\/index.php\/wp-json\/wp\/v2\/media\/4775"}],"wp:attachment":[{"href":"https:\/\/nordesteimprensa.com.br\/index.php\/wp-json\/wp\/v2\/media?parent=4774"}],"wp:term":[{"taxonomy":"category","embeddable":true,"href":"https:\/\/nordesteimprensa.com.br\/index.php\/wp-json\/wp\/v2\/categories?post=4774"},{"taxonomy":"post_tag","embeddable":true,"href":"https:\/\/nordesteimprensa.com.br\/index.php\/wp-json\/wp\/v2\/tags?post=4774"}],"curies":[{"name":"wp","href":"https:\/\/api.w.org\/{rel}","templated":true}]}}