{"id":4777,"date":"2024-04-19T17:29:19","date_gmt":"2024-04-19T20:29:19","guid":{"rendered":"https:\/\/nordesteimprensa.com.br\/?p=4777"},"modified":"2024-04-19T17:29:19","modified_gmt":"2024-04-19T20:29:19","slug":"familia-procura-homem-desaparecido-ha-quase-uma-semana-em-aracaju","status":"publish","type":"post","link":"https:\/\/nordesteimprensa.com.br\/index.php\/2024\/04\/19\/familia-procura-homem-desaparecido-ha-quase-uma-semana-em-aracaju\/","title":{"rendered":"Fam\u00edlia procura homem desaparecido h\u00e1 quase uma semana em Aracaju"},"content":{"rendered":"\n<p>Uma fam\u00edlia do Rio de Janeiro (RJ) procura por um homem que est\u00e1 desaparecido desde a \u00faltima segunda-feira (15) em Sergipe. Paulo Souza da Silva, de 42 anos, foi visto pela \u00faltima vez no Terminal Rodovi\u00e1rio Governador Jos\u00e9 Rollemberg Leite, bairro Capucho, zona oeste de Aracaju.<\/p>\n\n\n\n<p>De acordo com um familiar, Paulo veio a Aracaju com sua irm\u00e3 para passear e quando chegaram pr\u00f3ximo ao munic\u00edpio de Est\u00e2ncia, ele apresentou um comportamento estranho, semelhante a um surto.<\/p>\n\n\n\n<p>Ao desembarcarem em Aracaju, Paulo correu desorientado em dire\u00e7\u00e3o ao Hospital de Urg\u00eancia de Sergipe (Huse), pr\u00f3ximo ao terminal, mas atendeu ao chamado de sua irm\u00e3 e retornou.<\/p>\n\n\n\n<p>Em seguida, enquanto esperavam um carro de aplicativo, Paulo voltou para dentro do terminal, entrou em um \u00f4nibus e, desde ent\u00e3o, n\u00e3o foi mais visto.&nbsp;<\/p>\n\n\n\n<p>Um boletim de ocorr\u00eancia foi registrado pela fam\u00edlia e a pol\u00edcia est\u00e1 investigando o caso. Qualquer informa\u00e7\u00e3o sobre o paradeiro de Paulo Souza deve ser comunicado pelos telefones\u00a0<strong>79 9 9600-5162<\/strong>\u00a0(Edvaldo, cunhado de Paulo) ou\u00a0<strong>181,<\/strong>\u00a0do Disque-Den\u00fancia da pol\u00edcia.<\/p>\n\n\n\n<p>Fonte: A8se<\/p>\n\n\n\n<p><\/p>\n\n\n\n<p><\/p>\n\n\n\n<p><\/p>\n","protected":false},"excerpt":{"rendered":"<p>Uma fam\u00edlia do Rio de Janeiro (RJ) procura por um homem que est\u00e1 desaparecido desde a \u00faltima segunda-feira (15) em Sergipe. Paulo Souza da Silva, de 42 anos, foi visto pela \u00faltima vez no Terminal Rodovi\u00e1rio Governador Jos\u00e9 Rollemberg Leite, bairro Capucho, zona oeste de Aracaju. De acordo com um familiar, Paulo veio a Aracaju [&hellip;]<\/p>\n","protected":false},"author":1,"featured_media":4778,"comment_status":"open","ping_status":"open","sticky":false,"template":"","format":"standard","meta":{"footnotes":""},"categories":[10],"tags":[],"class_list":{"0":"post-4777","1":"post","2":"type-post","3":"status-publish","4":"format-standard","5":"has-post-thumbnail","7":"category-theme-features"},"_links":{"self":[{"href":"https:\/\/nordesteimprensa.com.br\/index.php\/wp-json\/wp\/v2\/posts\/4777","targetHints":{"allow":["GET"]}}],"collection":[{"href":"https:\/\/nordesteimprensa.com.br\/index.php\/wp-json\/wp\/v2\/posts"}],"about":[{"href":"https:\/\/nordesteimprensa.com.br\/index.php\/wp-json\/wp\/v2\/types\/post"}],"author":[{"embeddable":true,"href":"https:\/\/nordesteimprensa.com.br\/index.php\/wp-json\/wp\/v2\/users\/1"}],"replies":[{"embeddable":true,"href":"https:\/\/nordesteimprensa.com.br\/index.php\/wp-json\/wp\/v2\/comments?post=4777"}],"version-history":[{"count":1,"href":"https:\/\/nordesteimprensa.com.br\/index.php\/wp-json\/wp\/v2\/posts\/4777\/revisions"}],"predecessor-version":[{"id":4779,"href":"https:\/\/nordesteimprensa.com.br\/index.php\/wp-json\/wp\/v2\/posts\/4777\/revisions\/4779"}],"wp:featuredmedia":[{"embeddable":true,"href":"https:\/\/nordesteimprensa.com.br\/index.php\/wp-json\/wp\/v2\/media\/4778"}],"wp:attachment":[{"href":"https:\/\/nordesteimprensa.com.br\/index.php\/wp-json\/wp\/v2\/media?parent=4777"}],"wp:term":[{"taxonomy":"category","embeddable":true,"href":"https:\/\/nordesteimprensa.com.br\/index.php\/wp-json\/wp\/v2\/categories?post=4777"},{"taxonomy":"post_tag","embeddable":true,"href":"https:\/\/nordesteimprensa.com.br\/index.php\/wp-json\/wp\/v2\/tags?post=4777"}],"curies":[{"name":"wp","href":"https:\/\/api.w.org\/{rel}","templated":true}]}}