{"id":4780,"date":"2024-04-19T17:31:02","date_gmt":"2024-04-19T20:31:02","guid":{"rendered":"https:\/\/nordesteimprensa.com.br\/?p=4780"},"modified":"2024-04-22T11:43:33","modified_gmt":"2024-04-22T14:43:33","slug":"padre-inaldo-ira-anunciar-amanha-construcao-de-novas-moradias-populares-em-socorro","status":"publish","type":"post","link":"https:\/\/nordesteimprensa.com.br\/index.php\/2024\/04\/19\/padre-inaldo-ira-anunciar-amanha-construcao-de-novas-moradias-populares-em-socorro\/","title":{"rendered":"Padre Inaldo ir\u00e1 anunciar amanh\u00e3 constru\u00e7\u00e3o de novas moradias populares em Socorro"},"content":{"rendered":"\n<p>O prefeito de Nossa Senhora do Socorro, Padre Inaldo (PP), ir\u00e1 anunciar amanh\u00e3, 20, mais um feito not\u00e1vel de sua gest\u00e3o no munic\u00edpio: a constru\u00e7\u00e3o de mais 700 novas moradias populares.<\/p>\n\n\n\n<p>Com elas, o n\u00famero total de resid\u00eancias entregues aos socorrenses atrav\u00e9s de sua administra\u00e7\u00e3o chegar\u00e1 a quase 4 mil, consolidando o munic\u00edpio como um dos l\u00edderes sergipanos em investimento em habita\u00e7\u00e3o social.<\/p>\n\n\n\n<p>Este avan\u00e7o \u00e9 parte de um esfor\u00e7o cont\u00ednuo da gest\u00e3o para proporcionar moradia digna aos mais vulner\u00e1veis, contribuindo significativamente para a redu\u00e7\u00e3o do d\u00e9ficit habitacional em Socorro.<\/p>\n\n\n\n<p>Em 2022, a prefeitura, em colabora\u00e7\u00e3o com o Governo Federal, j\u00e1 havia entregue mil casas. No final do mesmo ano, foram lan\u00e7adas as obras de mais duas mil unidades habitacionais, agora em processo de constru\u00e7\u00e3o.<\/p>\n\n\n\n<p>Com projeto \u201cAvan\u00e7a Socorro\u201d, ser\u00e3o mais 700 casas. Estas est\u00e3o sendo desenvolvidas em conjunto com o Governo Federal, atrav\u00e9s de recursos do novo Programa de Acelera\u00e7\u00e3o do Crescimento (PAC) e do Fundo de Arrendamento Residencial (FAR).<\/p>\n\n\n\n<p><\/p>\n\n\n\n<p><\/p>\n\n\n\n<p><\/p>\n\n\n\n<p><\/p>\n\n\n\n<p><\/p>\n","protected":false},"excerpt":{"rendered":"<p>O prefeito de Nossa Senhora do Socorro, Padre Inaldo (PP), ir\u00e1 anunciar amanh\u00e3, 20, mais um feito not\u00e1vel de sua gest\u00e3o no munic\u00edpio: a constru\u00e7\u00e3o de mais 700 novas moradias populares. Com elas, o n\u00famero total de resid\u00eancias entregues aos socorrenses atrav\u00e9s de sua administra\u00e7\u00e3o chegar\u00e1 a quase 4 mil, consolidando o munic\u00edpio como um [&hellip;]<\/p>\n","protected":false},"author":1,"featured_media":4781,"comment_status":"open","ping_status":"open","sticky":false,"template":"","format":"standard","meta":{"footnotes":""},"categories":[55],"tags":[],"class_list":{"0":"post-4780","1":"post","2":"type-post","3":"status-publish","4":"format-standard","5":"has-post-thumbnail","7":"category-noticia"},"_links":{"self":[{"href":"https:\/\/nordesteimprensa.com.br\/index.php\/wp-json\/wp\/v2\/posts\/4780","targetHints":{"allow":["GET"]}}],"collection":[{"href":"https:\/\/nordesteimprensa.com.br\/index.php\/wp-json\/wp\/v2\/posts"}],"about":[{"href":"https:\/\/nordesteimprensa.com.br\/index.php\/wp-json\/wp\/v2\/types\/post"}],"author":[{"embeddable":true,"href":"https:\/\/nordesteimprensa.com.br\/index.php\/wp-json\/wp\/v2\/users\/1"}],"replies":[{"embeddable":true,"href":"https:\/\/nordesteimprensa.com.br\/index.php\/wp-json\/wp\/v2\/comments?post=4780"}],"version-history":[{"count":1,"href":"https:\/\/nordesteimprensa.com.br\/index.php\/wp-json\/wp\/v2\/posts\/4780\/revisions"}],"predecessor-version":[{"id":4782,"href":"https:\/\/nordesteimprensa.com.br\/index.php\/wp-json\/wp\/v2\/posts\/4780\/revisions\/4782"}],"wp:featuredmedia":[{"embeddable":true,"href":"https:\/\/nordesteimprensa.com.br\/index.php\/wp-json\/wp\/v2\/media\/4781"}],"wp:attachment":[{"href":"https:\/\/nordesteimprensa.com.br\/index.php\/wp-json\/wp\/v2\/media?parent=4780"}],"wp:term":[{"taxonomy":"category","embeddable":true,"href":"https:\/\/nordesteimprensa.com.br\/index.php\/wp-json\/wp\/v2\/categories?post=4780"},{"taxonomy":"post_tag","embeddable":true,"href":"https:\/\/nordesteimprensa.com.br\/index.php\/wp-json\/wp\/v2\/tags?post=4780"}],"curies":[{"name":"wp","href":"https:\/\/api.w.org\/{rel}","templated":true}]}}