{"id":4784,"date":"2024-04-22T11:49:04","date_gmt":"2024-04-22T14:49:04","guid":{"rendered":"https:\/\/nordesteimprensa.com.br\/?p=4784"},"modified":"2024-04-22T11:49:05","modified_gmt":"2024-04-22T14:49:05","slug":"acidentes-deixam-tres-pessoas-mortas-e-tres-feridas-em-rodovias-estaduais-de-se","status":"publish","type":"post","link":"https:\/\/nordesteimprensa.com.br\/index.php\/2024\/04\/22\/acidentes-deixam-tres-pessoas-mortas-e-tres-feridas-em-rodovias-estaduais-de-se\/","title":{"rendered":"Acidentes deixam tr\u00eas pessoas mortas e tr\u00eas feridas em rodovias estaduais de SE"},"content":{"rendered":"\n<p>Tr\u00eas pessoas morreram e tr\u00eas ficaram feridas em rodovias estaduais que passam pelos munic\u00edpios de\u00a0Lagarto\u00a0e\u00a0Salgado, entre o fim da noite desse domingo (21) e a madrugada desta segunda-feira (22). Os acidentes foram registrados pelo Batalh\u00e3o de Pol\u00edcia Rodovi\u00e1ria Estadual (BPRv).\u00a0<\/p>\n\n\n\n<p>Por volta das 3h desta segunda, tr\u00eas pessoas ficaram feridas e um homem morreu quando o&nbsp;<strong>carro em que estavam bateu em um animal na pista e, em seguida, em um poste, na SE-160, em Lagarto.<\/strong><\/p>\n\n\n\n<p>Bombeiros militares precisaram retirar as v\u00edtimas das ferragens. Os feridos foram socorridos pelo Servi\u00e7o de Atendimento M\u00f3vel de Urg\u00eancia. Entre eles, h\u00e1 uma crian\u00e7a, que foi para o Hospital de Urg\u00eancia de Sergipe. N\u00e3o h\u00e1 informa\u00e7\u00f5es sobre as outras duas v\u00edtimas. O Instituto M\u00e9dico Legal recolheu o corpo da v\u00edtima fatal.<\/p>\n\n\n\n<p>Na SE-270, sentido Lagarto\/Salgado, no fim da noite do domingo, um&nbsp;<strong>carro bateu no fundo de uma motocicleta<\/strong>&nbsp;e invadiu um restaurante \u00e0s margens da rodovia. O condutor da moto e a garupa morreram no local. O motorista do carro foi detido.&nbsp;<\/p>\n\n\n\n<p>As v\u00edtimas eram Adriana Damacena, de 47 anos, e Daniel Lopes, de 49. De acordo com a prefeitura de Carm\u00f3polis, eles eram servidores da Secretaria Municipal da Sa\u00fade e atuavam, respectivamente, como funcion\u00e1ria de almoxarifado e condutor de ambul\u00e2ncia. As atividades da secretaria foram suspensas nesta segunda-feira (22) em respeito ao luto.<\/p>\n\n\n\n<p>Fonte:G1<\/p>\n\n\n\n<p><\/p>\n\n\n\n<p><\/p>\n\n\n\n<p><\/p>\n","protected":false},"excerpt":{"rendered":"<p>Tr\u00eas pessoas morreram e tr\u00eas ficaram feridas em rodovias estaduais que passam pelos munic\u00edpios de\u00a0Lagarto\u00a0e\u00a0Salgado, entre o fim da noite desse domingo (21) e a madrugada desta segunda-feira (22). Os acidentes foram registrados pelo Batalh\u00e3o de Pol\u00edcia Rodovi\u00e1ria Estadual (BPRv).\u00a0 Por volta das 3h desta segunda, tr\u00eas pessoas ficaram feridas e um homem morreu quando [&hellip;]<\/p>\n","protected":false},"author":1,"featured_media":4785,"comment_status":"open","ping_status":"open","sticky":false,"template":"","format":"standard","meta":{"footnotes":""},"categories":[10],"tags":[],"class_list":{"0":"post-4784","1":"post","2":"type-post","3":"status-publish","4":"format-standard","5":"has-post-thumbnail","7":"category-theme-features"},"_links":{"self":[{"href":"https:\/\/nordesteimprensa.com.br\/index.php\/wp-json\/wp\/v2\/posts\/4784","targetHints":{"allow":["GET"]}}],"collection":[{"href":"https:\/\/nordesteimprensa.com.br\/index.php\/wp-json\/wp\/v2\/posts"}],"about":[{"href":"https:\/\/nordesteimprensa.com.br\/index.php\/wp-json\/wp\/v2\/types\/post"}],"author":[{"embeddable":true,"href":"https:\/\/nordesteimprensa.com.br\/index.php\/wp-json\/wp\/v2\/users\/1"}],"replies":[{"embeddable":true,"href":"https:\/\/nordesteimprensa.com.br\/index.php\/wp-json\/wp\/v2\/comments?post=4784"}],"version-history":[{"count":1,"href":"https:\/\/nordesteimprensa.com.br\/index.php\/wp-json\/wp\/v2\/posts\/4784\/revisions"}],"predecessor-version":[{"id":4786,"href":"https:\/\/nordesteimprensa.com.br\/index.php\/wp-json\/wp\/v2\/posts\/4784\/revisions\/4786"}],"wp:featuredmedia":[{"embeddable":true,"href":"https:\/\/nordesteimprensa.com.br\/index.php\/wp-json\/wp\/v2\/media\/4785"}],"wp:attachment":[{"href":"https:\/\/nordesteimprensa.com.br\/index.php\/wp-json\/wp\/v2\/media?parent=4784"}],"wp:term":[{"taxonomy":"category","embeddable":true,"href":"https:\/\/nordesteimprensa.com.br\/index.php\/wp-json\/wp\/v2\/categories?post=4784"},{"taxonomy":"post_tag","embeddable":true,"href":"https:\/\/nordesteimprensa.com.br\/index.php\/wp-json\/wp\/v2\/tags?post=4784"}],"curies":[{"name":"wp","href":"https:\/\/api.w.org\/{rel}","templated":true}]}}