{"id":4793,"date":"2024-04-23T14:29:33","date_gmt":"2024-04-23T17:29:33","guid":{"rendered":"https:\/\/nordesteimprensa.com.br\/?p=4793"},"modified":"2024-04-23T14:29:33","modified_gmt":"2024-04-23T17:29:33","slug":"morre-menino-de-cinco-anos-quinta-vitima-de-acidente-na-se-270","status":"publish","type":"post","link":"https:\/\/nordesteimprensa.com.br\/index.php\/2024\/04\/23\/morre-menino-de-cinco-anos-quinta-vitima-de-acidente-na-se-270\/","title":{"rendered":"Morre menino de cinco anos, quinta v\u00edtima de acidente na SE-270"},"content":{"rendered":"\n<p>Um menino de cinco anos, identificado como Michael, morreu na manh\u00e3 desta ter\u00e7a-feira (23), ap\u00f3s nove dias internado no Hospital de Urg\u00eancias de Sergipe (Huse), em Aracaju. A informa\u00e7\u00e3o foi confirmada pela unidade de sa\u00fade. Ele \u00e9 a<strong>\u00a0quinta v\u00edtima fatal de uma\u00a0batida entre dois carros na SE-270, no munic\u00edpio de Lagarto,<\/strong>\u00a0que ocorreu no \u00faltimo dia 14 de abril.\u00a0<\/p>\n\n\n\n<p>No local do acidente morreram a m\u00e3e dele e um irm\u00e3o, de 12 anos.\u00a0Dois dias depois, o motorista do ve\u00edculo morreu no Huse. J\u00e1 uma irm\u00e3, de 11 anos, continua internada em estado grave na unidade. Todas as seis pessoas estavam no mesmo carro.\u00a0<\/p>\n\n\n\n<h2 class=\"wp-block-heading\">As v\u00edtimas fatais s\u00e3o:<\/h2>\n\n\n\n<ul class=\"wp-block-list\">\n<li>Patr\u00edcia dos Santos Silva, 33 anos<\/li>\n\n\n\n<li>Filho de 12 anos de Patr\u00edcia<\/li>\n\n\n\n<li>Michael, filho de 5 anos de Patr\u00edcia<\/li>\n\n\n\n<li>Milena de Andrade Gon\u00e7alves, de 20 anos<\/li>\n\n\n\n<li>Jos\u00e9 Silvanio Santana Santos, de 24 anos<\/li>\n<\/ul>\n\n\n\n<h2 class=\"wp-block-heading\">O acidente<\/h2>\n\n\n\n<p>Segundo o Batalh\u00e3o de Pol\u00edcia Rodovi\u00e1ria Estadual (BPRv), testemunhas relataram aos policiais que um dos ve\u00edculos trafegava em dire\u00e7\u00e3o \u00e0 cidade de Salgado, quando perdeu o controle, rodou na pista, e bateu lateralmente com o outro carro.&nbsp;<\/p>\n\n\n\n<p>Um dos condutores abandonou o carro e fugiu. Segundo a Pol\u00edcia Civil, ele foi identificado, prestou depoimento e foi liberado. O inqu\u00e9rito est\u00e1 em fase de finaliza\u00e7\u00e3o. Informa\u00e7\u00f5es que possam colaborar com a investiga\u00e7\u00e3o podem ser repassadas atrav\u00e9s do Disque-Den\u00fancia, no n\u00famero 181.<\/p>\n\n\n\n<p>Fonte: G1<\/p>\n\n\n\n<p><\/p>\n\n\n\n<p><\/p>\n","protected":false},"excerpt":{"rendered":"<p>Um menino de cinco anos, identificado como Michael, morreu na manh\u00e3 desta ter\u00e7a-feira (23), ap\u00f3s nove dias internado no Hospital de Urg\u00eancias de Sergipe (Huse), em Aracaju. A informa\u00e7\u00e3o foi confirmada pela unidade de sa\u00fade. Ele \u00e9 a\u00a0quinta v\u00edtima fatal de uma\u00a0batida entre dois carros na SE-270, no munic\u00edpio de Lagarto,\u00a0que ocorreu no \u00faltimo dia [&hellip;]<\/p>\n","protected":false},"author":1,"featured_media":4794,"comment_status":"open","ping_status":"open","sticky":false,"template":"","format":"standard","meta":{"footnotes":""},"categories":[10],"tags":[],"class_list":{"0":"post-4793","1":"post","2":"type-post","3":"status-publish","4":"format-standard","5":"has-post-thumbnail","7":"category-theme-features"},"_links":{"self":[{"href":"https:\/\/nordesteimprensa.com.br\/index.php\/wp-json\/wp\/v2\/posts\/4793","targetHints":{"allow":["GET"]}}],"collection":[{"href":"https:\/\/nordesteimprensa.com.br\/index.php\/wp-json\/wp\/v2\/posts"}],"about":[{"href":"https:\/\/nordesteimprensa.com.br\/index.php\/wp-json\/wp\/v2\/types\/post"}],"author":[{"embeddable":true,"href":"https:\/\/nordesteimprensa.com.br\/index.php\/wp-json\/wp\/v2\/users\/1"}],"replies":[{"embeddable":true,"href":"https:\/\/nordesteimprensa.com.br\/index.php\/wp-json\/wp\/v2\/comments?post=4793"}],"version-history":[{"count":1,"href":"https:\/\/nordesteimprensa.com.br\/index.php\/wp-json\/wp\/v2\/posts\/4793\/revisions"}],"predecessor-version":[{"id":4795,"href":"https:\/\/nordesteimprensa.com.br\/index.php\/wp-json\/wp\/v2\/posts\/4793\/revisions\/4795"}],"wp:featuredmedia":[{"embeddable":true,"href":"https:\/\/nordesteimprensa.com.br\/index.php\/wp-json\/wp\/v2\/media\/4794"}],"wp:attachment":[{"href":"https:\/\/nordesteimprensa.com.br\/index.php\/wp-json\/wp\/v2\/media?parent=4793"}],"wp:term":[{"taxonomy":"category","embeddable":true,"href":"https:\/\/nordesteimprensa.com.br\/index.php\/wp-json\/wp\/v2\/categories?post=4793"},{"taxonomy":"post_tag","embeddable":true,"href":"https:\/\/nordesteimprensa.com.br\/index.php\/wp-json\/wp\/v2\/tags?post=4793"}],"curies":[{"name":"wp","href":"https:\/\/api.w.org\/{rel}","templated":true}]}}