{"id":4887,"date":"2024-05-06T15:51:49","date_gmt":"2024-05-06T18:51:49","guid":{"rendered":"https:\/\/nordesteimprensa.com.br\/?p=4887"},"modified":"2024-05-06T15:51:50","modified_gmt":"2024-05-06T18:51:50","slug":"apos-19-dias-internada-recebe-alta-menina-sobrevivente-de-acidente-com-cinco-mortes-na-se-270","status":"publish","type":"post","link":"https:\/\/nordesteimprensa.com.br\/index.php\/2024\/05\/06\/apos-19-dias-internada-recebe-alta-menina-sobrevivente-de-acidente-com-cinco-mortes-na-se-270\/","title":{"rendered":"Ap\u00f3s 19 dias internada, recebe alta menina sobrevivente de acidente com cinco mortes na SE-270"},"content":{"rendered":"\n<p>Ap\u00f3s 19 dias internada, a menina de 11 anos, sobrevivente do&nbsp;<a class=\"\" href=\"https:\/\/g1.globo.com\/se\/sergipe\/noticia\/2024\/04\/15\/acidente-entre-dois-veiculos-em-lagarto.ghtml\">acidente de tr\u00e2nsito na SE-270<\/a>, no dia 14 de abril, no munic\u00edpio de&nbsp;<a class=\"\" href=\"https:\/\/g1.globo.com\/se\/sergipe\/cidade\/lagarto\/\">Lagarto<\/a>, recebeu alta do Hospital de Urg\u00eancias de Sergipe (Huse), na \u00faltima sexta. A informa\u00e7\u00e3o foi confirmada pela unidade nesta segunda (6). Cinco pessoas morreram v\u00edtimas do acidente, incluindo a m\u00e3e e dois irm\u00e3os dela.&nbsp;<\/p>\n\n\n\n<p>O acidente ocorreu por volta das 23h, quando dois ve\u00edculos bateram de frente, ao serem provocados por um terceiro, que foi identificado pela Pol\u00edcia Civil e deve responder por homic\u00eddio culposo. A din\u00e2mica do acidente n\u00e3o foi informada.&nbsp;<\/p>\n\n\n\n<p>fonte: G1 <\/p>\n\n\n\n<p><\/p>\n\n\n\n<p><\/p>\n\n\n\n<p><\/p>\n","protected":false},"excerpt":{"rendered":"<p>Ap\u00f3s 19 dias internada, a menina de 11 anos, sobrevivente do&nbsp;acidente de tr\u00e2nsito na SE-270, no dia 14 de abril, no munic\u00edpio de&nbsp;Lagarto, recebeu alta do Hospital de Urg\u00eancias de Sergipe (Huse), na \u00faltima sexta. A informa\u00e7\u00e3o foi confirmada pela unidade nesta segunda (6). Cinco pessoas morreram v\u00edtimas do acidente, incluindo a m\u00e3e e dois [&hellip;]<\/p>\n","protected":false},"author":1,"featured_media":4888,"comment_status":"open","ping_status":"open","sticky":false,"template":"","format":"standard","meta":{"footnotes":""},"categories":[10],"tags":[],"class_list":{"0":"post-4887","1":"post","2":"type-post","3":"status-publish","4":"format-standard","5":"has-post-thumbnail","7":"category-theme-features"},"_links":{"self":[{"href":"https:\/\/nordesteimprensa.com.br\/index.php\/wp-json\/wp\/v2\/posts\/4887","targetHints":{"allow":["GET"]}}],"collection":[{"href":"https:\/\/nordesteimprensa.com.br\/index.php\/wp-json\/wp\/v2\/posts"}],"about":[{"href":"https:\/\/nordesteimprensa.com.br\/index.php\/wp-json\/wp\/v2\/types\/post"}],"author":[{"embeddable":true,"href":"https:\/\/nordesteimprensa.com.br\/index.php\/wp-json\/wp\/v2\/users\/1"}],"replies":[{"embeddable":true,"href":"https:\/\/nordesteimprensa.com.br\/index.php\/wp-json\/wp\/v2\/comments?post=4887"}],"version-history":[{"count":1,"href":"https:\/\/nordesteimprensa.com.br\/index.php\/wp-json\/wp\/v2\/posts\/4887\/revisions"}],"predecessor-version":[{"id":4889,"href":"https:\/\/nordesteimprensa.com.br\/index.php\/wp-json\/wp\/v2\/posts\/4887\/revisions\/4889"}],"wp:featuredmedia":[{"embeddable":true,"href":"https:\/\/nordesteimprensa.com.br\/index.php\/wp-json\/wp\/v2\/media\/4888"}],"wp:attachment":[{"href":"https:\/\/nordesteimprensa.com.br\/index.php\/wp-json\/wp\/v2\/media?parent=4887"}],"wp:term":[{"taxonomy":"category","embeddable":true,"href":"https:\/\/nordesteimprensa.com.br\/index.php\/wp-json\/wp\/v2\/categories?post=4887"},{"taxonomy":"post_tag","embeddable":true,"href":"https:\/\/nordesteimprensa.com.br\/index.php\/wp-json\/wp\/v2\/tags?post=4887"}],"curies":[{"name":"wp","href":"https:\/\/api.w.org\/{rel}","templated":true}]}}