{"id":5031,"date":"2024-05-18T11:45:47","date_gmt":"2024-05-18T14:45:47","guid":{"rendered":"https:\/\/nordesteimprensa.com.br\/?p=5031"},"modified":"2024-05-18T11:45:47","modified_gmt":"2024-05-18T14:45:47","slug":"dois-adultos-e-uma-crianca-ficam-feridos-em-acidente-na-tancredo","status":"publish","type":"post","link":"https:\/\/nordesteimprensa.com.br\/index.php\/2024\/05\/18\/dois-adultos-e-uma-crianca-ficam-feridos-em-acidente-na-tancredo\/","title":{"rendered":"Dois adultos e uma crian\u00e7a ficam feridos em acidente na Tancredo"},"content":{"rendered":"\n<p>Tr\u00eas pessoas ficaram feridas em um acidente na Avenida Tancredo Neves na madrugada deste s\u00e1bado, 18. Dentre as v\u00edtimas estava uma crian\u00e7a.<\/p>\n\n\n\n<p>De acordo com a Pol\u00edcia Militar, o ve\u00edculo se chocou com o meio-fio e em seguida colidiu em uma \u00e1rvore.<\/p>\n\n\n\n<p>Os tr\u00eas passageiros, entre eles uma crian\u00e7a, foram hospitalizados. A crian\u00e7a foi encaminhada ao hospital por meios pr\u00f3prios. Um dos passageiros foi atendido pelo Servi\u00e7o de Atendimento M\u00f3vel de Urg\u00eancia (SAMU) e a passageira atendida pelo Corpo de Bombeiros. Todos foram levados ao hospital.<\/p>\n\n\n\n<p>fonte: G1<\/p>\n","protected":false},"excerpt":{"rendered":"<p>Tr\u00eas pessoas ficaram feridas em um acidente na Avenida Tancredo Neves na madrugada deste s\u00e1bado, 18. Dentre as v\u00edtimas estava uma crian\u00e7a. De acordo com a Pol\u00edcia Militar, o ve\u00edculo se chocou com o meio-fio e em seguida colidiu em uma \u00e1rvore. Os tr\u00eas passageiros, entre eles uma crian\u00e7a, foram hospitalizados. A crian\u00e7a foi encaminhada [&hellip;]<\/p>\n","protected":false},"author":1,"featured_media":5032,"comment_status":"open","ping_status":"open","sticky":false,"template":"","format":"standard","meta":{"footnotes":""},"categories":[10],"tags":[],"class_list":{"0":"post-5031","1":"post","2":"type-post","3":"status-publish","4":"format-standard","5":"has-post-thumbnail","7":"category-theme-features"},"_links":{"self":[{"href":"https:\/\/nordesteimprensa.com.br\/index.php\/wp-json\/wp\/v2\/posts\/5031","targetHints":{"allow":["GET"]}}],"collection":[{"href":"https:\/\/nordesteimprensa.com.br\/index.php\/wp-json\/wp\/v2\/posts"}],"about":[{"href":"https:\/\/nordesteimprensa.com.br\/index.php\/wp-json\/wp\/v2\/types\/post"}],"author":[{"embeddable":true,"href":"https:\/\/nordesteimprensa.com.br\/index.php\/wp-json\/wp\/v2\/users\/1"}],"replies":[{"embeddable":true,"href":"https:\/\/nordesteimprensa.com.br\/index.php\/wp-json\/wp\/v2\/comments?post=5031"}],"version-history":[{"count":1,"href":"https:\/\/nordesteimprensa.com.br\/index.php\/wp-json\/wp\/v2\/posts\/5031\/revisions"}],"predecessor-version":[{"id":5033,"href":"https:\/\/nordesteimprensa.com.br\/index.php\/wp-json\/wp\/v2\/posts\/5031\/revisions\/5033"}],"wp:featuredmedia":[{"embeddable":true,"href":"https:\/\/nordesteimprensa.com.br\/index.php\/wp-json\/wp\/v2\/media\/5032"}],"wp:attachment":[{"href":"https:\/\/nordesteimprensa.com.br\/index.php\/wp-json\/wp\/v2\/media?parent=5031"}],"wp:term":[{"taxonomy":"category","embeddable":true,"href":"https:\/\/nordesteimprensa.com.br\/index.php\/wp-json\/wp\/v2\/categories?post=5031"},{"taxonomy":"post_tag","embeddable":true,"href":"https:\/\/nordesteimprensa.com.br\/index.php\/wp-json\/wp\/v2\/tags?post=5031"}],"curies":[{"name":"wp","href":"https:\/\/api.w.org\/{rel}","templated":true}]}}