{"id":5034,"date":"2024-05-18T11:46:48","date_gmt":"2024-05-18T14:46:48","guid":{"rendered":"https:\/\/nordesteimprensa.com.br\/?p=5034"},"modified":"2024-05-18T11:46:48","modified_gmt":"2024-05-18T14:46:48","slug":"sergipe-possui-sete-municipios-em-situacao-de-emergencia","status":"publish","type":"post","link":"https:\/\/nordesteimprensa.com.br\/index.php\/2024\/05\/18\/sergipe-possui-sete-municipios-em-situacao-de-emergencia\/","title":{"rendered":"Sergipe possui sete munic\u00edpios em situa\u00e7\u00e3o de emerg\u00eancia"},"content":{"rendered":"\n<p>Dos sete munic\u00edpios sergipanos que, atualmente, est\u00e3o com decreto de situa\u00e7\u00e3o de emerg\u00eancia homologado pelo Governo do Estado, seis s\u00e3o por conta da seca e estiagem, e&nbsp;<strong><a href=\"https:\/\/infonet.com.br\/noticias\/politica\/chuvas-governo-reconhece-situacao-de-emergencia-em-laranjeiras\/\">o munic\u00edpio de Laranjeiras, no Territ\u00f3rio da grande Aracaju, em raz\u00e3o do alto \u00edndice de chuvas ocorridas nas \u00faltimas semanas<\/a><\/strong>.<\/p>\n\n\n\n<p>O volume pluviom\u00e9trico acima da m\u00e9dia ocasionou o transbordamento do Rio Cotinguiba, e, por conseguinte, o alagamento de vias p\u00fablicas no centro da cidade, dois povoados e um conjunto residencial, resultando em 48 pessoas desalojadas e 80 indiretamente afetadas.<\/p>\n\n\n\n<p>Segundo o superintendente estadual de Prote\u00e7\u00e3o e Defesa Civil, tenente-coronel Luciano Queiroz, o munic\u00edpio cumpriu os requisitos obrigat\u00f3rios. \u201cPor atender alguns crit\u00e9rios da Portaria de n\u00ba 260 do Governo Federal, a exemplo de relat\u00f3rio fotogr\u00e1fico, de danos humanos e materiais, bem como o relat\u00f3rio de preju\u00edzos p\u00fablicos, a Defesa Civil Estadual encaminhou um parecer t\u00e9cnico ao Governo do Estado, que homologou o decreto de situa\u00e7\u00e3o emergencial, de modo que mediante as a\u00e7\u00f5es realizadas pela Supdec e a prefeitura, 46 desalojados j\u00e1 retornaram para suas casas e dois est\u00e3o recebendo aluguel social\u201d, explicou<\/p>\n","protected":false},"excerpt":{"rendered":"<p>Dos sete munic\u00edpios sergipanos que, atualmente, est\u00e3o com decreto de situa\u00e7\u00e3o de emerg\u00eancia homologado pelo Governo do Estado, seis s\u00e3o por conta da seca e estiagem, e&nbsp;o munic\u00edpio de Laranjeiras, no Territ\u00f3rio da grande Aracaju, em raz\u00e3o do alto \u00edndice de chuvas ocorridas nas \u00faltimas semanas. O volume pluviom\u00e9trico acima da m\u00e9dia ocasionou o transbordamento [&hellip;]<\/p>\n","protected":false},"author":1,"featured_media":5035,"comment_status":"open","ping_status":"open","sticky":false,"template":"","format":"standard","meta":{"footnotes":""},"categories":[10],"tags":[],"class_list":{"0":"post-5034","1":"post","2":"type-post","3":"status-publish","4":"format-standard","5":"has-post-thumbnail","7":"category-theme-features"},"_links":{"self":[{"href":"https:\/\/nordesteimprensa.com.br\/index.php\/wp-json\/wp\/v2\/posts\/5034","targetHints":{"allow":["GET"]}}],"collection":[{"href":"https:\/\/nordesteimprensa.com.br\/index.php\/wp-json\/wp\/v2\/posts"}],"about":[{"href":"https:\/\/nordesteimprensa.com.br\/index.php\/wp-json\/wp\/v2\/types\/post"}],"author":[{"embeddable":true,"href":"https:\/\/nordesteimprensa.com.br\/index.php\/wp-json\/wp\/v2\/users\/1"}],"replies":[{"embeddable":true,"href":"https:\/\/nordesteimprensa.com.br\/index.php\/wp-json\/wp\/v2\/comments?post=5034"}],"version-history":[{"count":1,"href":"https:\/\/nordesteimprensa.com.br\/index.php\/wp-json\/wp\/v2\/posts\/5034\/revisions"}],"predecessor-version":[{"id":5036,"href":"https:\/\/nordesteimprensa.com.br\/index.php\/wp-json\/wp\/v2\/posts\/5034\/revisions\/5036"}],"wp:featuredmedia":[{"embeddable":true,"href":"https:\/\/nordesteimprensa.com.br\/index.php\/wp-json\/wp\/v2\/media\/5035"}],"wp:attachment":[{"href":"https:\/\/nordesteimprensa.com.br\/index.php\/wp-json\/wp\/v2\/media?parent=5034"}],"wp:term":[{"taxonomy":"category","embeddable":true,"href":"https:\/\/nordesteimprensa.com.br\/index.php\/wp-json\/wp\/v2\/categories?post=5034"},{"taxonomy":"post_tag","embeddable":true,"href":"https:\/\/nordesteimprensa.com.br\/index.php\/wp-json\/wp\/v2\/tags?post=5034"}],"curies":[{"name":"wp","href":"https:\/\/api.w.org\/{rel}","templated":true}]}}