{"id":5042,"date":"2024-05-18T14:05:28","date_gmt":"2024-05-18T17:05:28","guid":{"rendered":"https:\/\/nordesteimprensa.com.br\/?p=5042"},"modified":"2024-05-20T11:00:46","modified_gmt":"2024-05-20T14:00:46","slug":"desesperado-samuel-teria-espalhado-fake-news-para-deslegitimar-obras-que-beneficiarao-socorrenses","status":"publish","type":"post","link":"https:\/\/nordesteimprensa.com.br\/index.php\/2024\/05\/18\/desesperado-samuel-teria-espalhado-fake-news-para-deslegitimar-obras-que-beneficiarao-socorrenses\/","title":{"rendered":"Desesperado, Samuel teria espalhado fake news para deslegitimar obras que beneficiar\u00e3o socorrenses"},"content":{"rendered":"\n<p>Desesperado ao ver sua pr\u00e9-candidatura se desmoronar antes do previsto, Samuel Carvalho (Cidadania) teria recorrido a estrat\u00e9gias sorrateiras para tentar reverter a situa\u00e7\u00e3o. Ele n\u00e3o apenas \u00e9 acusado de utilizar machismo contra Carminha Paiva (Republicanos), mas tamb\u00e9m de disseminar fake news sobre a gest\u00e3o de Padre Inaldo (PP).<\/p>\n\n\n\n<p>Desta vez, Samuel teria tentado deslegitimar as obras hist\u00f3ricas que o prefeito conseguiu para Nossa Senhora do Socorro, ap\u00f3s intensas articula\u00e7\u00f5es em Bras\u00edlia, com recursos do Novo Programa de Acelera\u00e7\u00e3o do Crescimento (PAC).<\/p>\n\n\n\n<p>Nas redes sociais, os socorrenses o criticaram, pois esperavam que, independentemente de sua oposi\u00e7\u00e3o no munic\u00edpio, ele comemorasse o investimento que beneficiar\u00e1 a popula\u00e7\u00e3o.<\/p>\n\n\n\n<p>\u201cPorque n\u00e3o ajuda a resolver, j\u00e1 que foi eleito foi pelo povo para legislar para todos e n\u00e3o para alguns? Fico triste com isso, pois o povo n\u00e3o aprende e o deputado reside no Alfaville na Barra\u201d, disse uma. \u201cA verdade \u00e9 que quanto pior melhor para o deputado Samuel para enganar os eleitores e votar nele em outubro\u201d, criticou outra.<\/p>\n\n\n\n<p>A pavimenta\u00e7\u00e3o, drenagem e esgotamento sanit\u00e1rio do bairro Guajar\u00e1 s\u00e3o algumas das diversas obras garantidas pela gest\u00e3o do prefeito para o programa Avan\u00e7a Socorro, em parceria com o governo federal, que contar\u00e1 com investimento de R$ 300 milh\u00f5es.<\/p>\n","protected":false},"excerpt":{"rendered":"<p>Desesperado ao ver sua pr\u00e9-candidatura se desmoronar antes do previsto, Samuel Carvalho (Cidadania) teria recorrido a estrat\u00e9gias sorrateiras para tentar reverter a situa\u00e7\u00e3o. Ele n\u00e3o apenas \u00e9 acusado de utilizar machismo contra Carminha Paiva (Republicanos), mas tamb\u00e9m de disseminar fake news sobre a gest\u00e3o de Padre Inaldo (PP). Desta vez, Samuel teria tentado deslegitimar as [&hellip;]<\/p>\n","protected":false},"author":1,"featured_media":5038,"comment_status":"open","ping_status":"open","sticky":false,"template":"","format":"standard","meta":{"footnotes":""},"categories":[55],"tags":[],"class_list":{"0":"post-5042","1":"post","2":"type-post","3":"status-publish","4":"format-standard","5":"has-post-thumbnail","7":"category-noticia"},"_links":{"self":[{"href":"https:\/\/nordesteimprensa.com.br\/index.php\/wp-json\/wp\/v2\/posts\/5042","targetHints":{"allow":["GET"]}}],"collection":[{"href":"https:\/\/nordesteimprensa.com.br\/index.php\/wp-json\/wp\/v2\/posts"}],"about":[{"href":"https:\/\/nordesteimprensa.com.br\/index.php\/wp-json\/wp\/v2\/types\/post"}],"author":[{"embeddable":true,"href":"https:\/\/nordesteimprensa.com.br\/index.php\/wp-json\/wp\/v2\/users\/1"}],"replies":[{"embeddable":true,"href":"https:\/\/nordesteimprensa.com.br\/index.php\/wp-json\/wp\/v2\/comments?post=5042"}],"version-history":[{"count":1,"href":"https:\/\/nordesteimprensa.com.br\/index.php\/wp-json\/wp\/v2\/posts\/5042\/revisions"}],"predecessor-version":[{"id":5043,"href":"https:\/\/nordesteimprensa.com.br\/index.php\/wp-json\/wp\/v2\/posts\/5042\/revisions\/5043"}],"wp:featuredmedia":[{"embeddable":true,"href":"https:\/\/nordesteimprensa.com.br\/index.php\/wp-json\/wp\/v2\/media\/5038"}],"wp:attachment":[{"href":"https:\/\/nordesteimprensa.com.br\/index.php\/wp-json\/wp\/v2\/media?parent=5042"}],"wp:term":[{"taxonomy":"category","embeddable":true,"href":"https:\/\/nordesteimprensa.com.br\/index.php\/wp-json\/wp\/v2\/categories?post=5042"},{"taxonomy":"post_tag","embeddable":true,"href":"https:\/\/nordesteimprensa.com.br\/index.php\/wp-json\/wp\/v2\/tags?post=5042"}],"curies":[{"name":"wp","href":"https:\/\/api.w.org\/{rel}","templated":true}]}}