{"id":5070,"date":"2024-05-23T10:06:21","date_gmt":"2024-05-23T13:06:21","guid":{"rendered":"https:\/\/nordesteimprensa.com.br\/?p=5070"},"modified":"2024-05-25T15:04:11","modified_gmt":"2024-05-25T18:04:11","slug":"padre-inaldo-intensifica-reunioes-em-brasilia-em-busca-de-mais-recursos-para-socorro","status":"publish","type":"post","link":"https:\/\/nordesteimprensa.com.br\/index.php\/2024\/05\/23\/padre-inaldo-intensifica-reunioes-em-brasilia-em-busca-de-mais-recursos-para-socorro\/","title":{"rendered":"Padre Inaldo intensifica reuni\u00f5es em Bras\u00edlia em busca de mais recursos para Socorro"},"content":{"rendered":"\n<p>Ap\u00f3s garantir um investimento de R$ 300 milh\u00f5es em obras hist\u00f3ricas para Nossa Senhora do Socorro, o prefeito Padre Inaldo (PP) segue empenhado em levar mais melhorias para o munic\u00edpio, intensificando reuni\u00f5es em Bras\u00edlia para obter novos recursos.<\/p>\n\n\n\n<p>Ontem, 22, por exemplo, o gestor se reuniu com o senador por Sergipe, Rog\u00e9rio Carvalho (PT), que, inclusive, foi um dos nomes essenciais para que conseguisse os recursos do novo PAC.<\/p>\n\n\n\n<p>Inaldo tamb\u00e9m esteve no Minist\u00e9rio das Cidades, onde se reuniu com o secret\u00e1rio-executivo adjunto, Antonio Vladimir, para dialogar sobre a viabilidade t\u00e9cnica de obras, como a pavimenta\u00e7\u00e3o, drenagem e esgotamento sanit\u00e1rio do bairro Guajar\u00e1, al\u00e9m da cobertura dos canais nos bairros Marcos Freire 1, Marcos Freire 2, Albano Franco e no final de linha do Jardim.<\/p>\n\n\n\n<p>Todas as reuni\u00f5es foram feitas enquanto participa, em Bras\u00edlia, da 25\u00aa Marcha dos Prefeitos, com o tema &#8220;Pacto Federativo: um olhar para a popula\u00e7\u00e3o desprotegida&#8221;, no qual o Governo Federal tem se colocado a disposi\u00e7\u00e3o para discutir situa\u00e7oes que possam levar benef\u00edcios para a popula\u00e7\u00e3o.<\/p>\n","protected":false},"excerpt":{"rendered":"<p>Ap\u00f3s garantir um investimento de R$ 300 milh\u00f5es em obras hist\u00f3ricas para Nossa Senhora do Socorro, o prefeito Padre Inaldo (PP) segue empenhado em levar mais melhorias para o munic\u00edpio, intensificando reuni\u00f5es em Bras\u00edlia para obter novos recursos. Ontem, 22, por exemplo, o gestor se reuniu com o senador por Sergipe, Rog\u00e9rio Carvalho (PT), que, [&hellip;]<\/p>\n","protected":false},"author":1,"featured_media":5071,"comment_status":"open","ping_status":"open","sticky":false,"template":"","format":"standard","meta":{"footnotes":""},"categories":[55],"tags":[],"class_list":{"0":"post-5070","1":"post","2":"type-post","3":"status-publish","4":"format-standard","5":"has-post-thumbnail","7":"category-noticia"},"_links":{"self":[{"href":"https:\/\/nordesteimprensa.com.br\/index.php\/wp-json\/wp\/v2\/posts\/5070","targetHints":{"allow":["GET"]}}],"collection":[{"href":"https:\/\/nordesteimprensa.com.br\/index.php\/wp-json\/wp\/v2\/posts"}],"about":[{"href":"https:\/\/nordesteimprensa.com.br\/index.php\/wp-json\/wp\/v2\/types\/post"}],"author":[{"embeddable":true,"href":"https:\/\/nordesteimprensa.com.br\/index.php\/wp-json\/wp\/v2\/users\/1"}],"replies":[{"embeddable":true,"href":"https:\/\/nordesteimprensa.com.br\/index.php\/wp-json\/wp\/v2\/comments?post=5070"}],"version-history":[{"count":1,"href":"https:\/\/nordesteimprensa.com.br\/index.php\/wp-json\/wp\/v2\/posts\/5070\/revisions"}],"predecessor-version":[{"id":5072,"href":"https:\/\/nordesteimprensa.com.br\/index.php\/wp-json\/wp\/v2\/posts\/5070\/revisions\/5072"}],"wp:featuredmedia":[{"embeddable":true,"href":"https:\/\/nordesteimprensa.com.br\/index.php\/wp-json\/wp\/v2\/media\/5071"}],"wp:attachment":[{"href":"https:\/\/nordesteimprensa.com.br\/index.php\/wp-json\/wp\/v2\/media?parent=5070"}],"wp:term":[{"taxonomy":"category","embeddable":true,"href":"https:\/\/nordesteimprensa.com.br\/index.php\/wp-json\/wp\/v2\/categories?post=5070"},{"taxonomy":"post_tag","embeddable":true,"href":"https:\/\/nordesteimprensa.com.br\/index.php\/wp-json\/wp\/v2\/tags?post=5070"}],"curies":[{"name":"wp","href":"https:\/\/api.w.org\/{rel}","templated":true}]}}