{"id":5075,"date":"2024-05-25T14:58:32","date_gmt":"2024-05-25T17:58:32","guid":{"rendered":"https:\/\/nordesteimprensa.com.br\/?p=5075"},"modified":"2024-05-25T14:58:32","modified_gmt":"2024-05-25T17:58:32","slug":"acidente-entre-moto-e-carro-na-rodovia-se-230-deixa-dois-mortos","status":"publish","type":"post","link":"https:\/\/nordesteimprensa.com.br\/index.php\/2024\/05\/25\/acidente-entre-moto-e-carro-na-rodovia-se-230-deixa-dois-mortos\/","title":{"rendered":"Acidente entre moto e carro na rodovia SE-230 deixa dois mortos"},"content":{"rendered":"\n<p>Um casal morreu na manh\u00e3 deste s\u00e1bado (25), em um acidente na rodovia SE-230, entre os munic\u00edpios de Monte de Alegre e Porto da Folha.&nbsp;<\/p>\n\n\n\n<p>Segundo o Batalh\u00e3o de Pol\u00edcia Rodovi\u00e1ria Estadual (BPRv), as v\u00edtimas estavam em uma moto que se envolveu em uma batida contra um ve\u00edculo No impacto, o carro saiu da pista e capotou. N\u00e3o h\u00e1 informa\u00e7\u00f5es sobre o estado de sa\u00fade dos passageiros do carro.&nbsp;<\/p>\n\n\n\n<p>O Instituto M\u00e9dico Legal (IML) foi acionado para buscar os corpos.\u00a0<br><\/p>\n\n\n\n<p>Fonte: G1<\/p>\n","protected":false},"excerpt":{"rendered":"<p>Um casal morreu na manh\u00e3 deste s\u00e1bado (25), em um acidente na rodovia SE-230, entre os munic\u00edpios de Monte de Alegre e Porto da Folha.&nbsp; Segundo o Batalh\u00e3o de Pol\u00edcia Rodovi\u00e1ria Estadual (BPRv), as v\u00edtimas estavam em uma moto que se envolveu em uma batida contra um ve\u00edculo No impacto, o carro saiu da pista [&hellip;]<\/p>\n","protected":false},"author":1,"featured_media":5076,"comment_status":"open","ping_status":"open","sticky":false,"template":"","format":"standard","meta":{"footnotes":""},"categories":[10],"tags":[],"class_list":{"0":"post-5075","1":"post","2":"type-post","3":"status-publish","4":"format-standard","5":"has-post-thumbnail","7":"category-theme-features"},"_links":{"self":[{"href":"https:\/\/nordesteimprensa.com.br\/index.php\/wp-json\/wp\/v2\/posts\/5075","targetHints":{"allow":["GET"]}}],"collection":[{"href":"https:\/\/nordesteimprensa.com.br\/index.php\/wp-json\/wp\/v2\/posts"}],"about":[{"href":"https:\/\/nordesteimprensa.com.br\/index.php\/wp-json\/wp\/v2\/types\/post"}],"author":[{"embeddable":true,"href":"https:\/\/nordesteimprensa.com.br\/index.php\/wp-json\/wp\/v2\/users\/1"}],"replies":[{"embeddable":true,"href":"https:\/\/nordesteimprensa.com.br\/index.php\/wp-json\/wp\/v2\/comments?post=5075"}],"version-history":[{"count":1,"href":"https:\/\/nordesteimprensa.com.br\/index.php\/wp-json\/wp\/v2\/posts\/5075\/revisions"}],"predecessor-version":[{"id":5077,"href":"https:\/\/nordesteimprensa.com.br\/index.php\/wp-json\/wp\/v2\/posts\/5075\/revisions\/5077"}],"wp:featuredmedia":[{"embeddable":true,"href":"https:\/\/nordesteimprensa.com.br\/index.php\/wp-json\/wp\/v2\/media\/5076"}],"wp:attachment":[{"href":"https:\/\/nordesteimprensa.com.br\/index.php\/wp-json\/wp\/v2\/media?parent=5075"}],"wp:term":[{"taxonomy":"category","embeddable":true,"href":"https:\/\/nordesteimprensa.com.br\/index.php\/wp-json\/wp\/v2\/categories?post=5075"},{"taxonomy":"post_tag","embeddable":true,"href":"https:\/\/nordesteimprensa.com.br\/index.php\/wp-json\/wp\/v2\/tags?post=5075"}],"curies":[{"name":"wp","href":"https:\/\/api.w.org\/{rel}","templated":true}]}}