{"id":5079,"date":"2024-05-25T15:01:17","date_gmt":"2024-05-25T18:01:17","guid":{"rendered":"https:\/\/nordesteimprensa.com.br\/?p=5079"},"modified":"2024-05-25T15:01:17","modified_gmt":"2024-05-25T18:01:17","slug":"policia-civil-intensifica-fiscalizacoes-de-fogos-de-artificio","status":"publish","type":"post","link":"https:\/\/nordesteimprensa.com.br\/index.php\/2024\/05\/25\/policia-civil-intensifica-fiscalizacoes-de-fogos-de-artificio\/","title":{"rendered":"Pol\u00edcia Civil intensifica fiscaliza\u00e7\u00f5es de fogos de artif\u00edcio"},"content":{"rendered":"\n<p>Com a chegada do per\u00edodo junino, a Pol\u00edcia Civil vem intensificando as a\u00e7\u00f5es de fiscaliza\u00e7\u00e3o da venda irregular de fogos de artif\u00edcio em Sergipe. A venda desse material somente pode ocorrer mediante autoriza\u00e7\u00e3o legal dos \u00f3rg\u00e3os de fiscaliza\u00e7\u00e3o, a exemplo da Divis\u00e3o de Fiscaliza\u00e7\u00e3o de Armas e Explosivos (Dfae), da Pol\u00edcia Civil. \u00c9 esta unidade que direciona as a\u00e7\u00f5es de apreens\u00e3o de fogos de artificio armazenados e vendidos de forma ilegal em Sergipe. A Dfae relembra ainda que o material \u00e9 altamente explosivo e pode gerar grandes explos\u00f5es com mortos e feridos.<\/p>\n\n\n\n<p>De acordo com Cristina Souza, respons\u00e1vel pela Dfae, as a\u00e7\u00f5es de fiscaliza\u00e7\u00e3o ocorrem em diversos locais onde h\u00e1 informa\u00e7\u00f5es sobre a venda de fogos de artif\u00edcio. \u201cA Dfae visita barracas de fogos, mercados e locais que podem estar vendendo fogos de artif\u00edcio de forma clandestina. Inclusive, estamos recebendo muitas den\u00fancias sobre essa pr\u00e1tica de venda clandestina de fogos\u201d, contextualizou.<\/p>\n\n\n\n<p>Em uma das a\u00e7\u00f5es de fiscaliza\u00e7\u00e3o, houve uma apreens\u00e3o de cerca de uma tonelada de fogos de artif\u00edcio que estavam sendo armazenados de maneira clandestina em uma resid\u00eancia. \u201cEsse caso aconteceu em Nossa Senhora do Socorro, em uma a\u00e7\u00e3o da 5\u00aa Delegacia Metropolitana (5\u00aa DM). Ent\u00e3o, nesse per\u00edodo, a Dfae intensifica a fiscaliza\u00e7\u00e3o da venda de fogos\u201d, ressaltou Cristina Souza.<\/p>\n\n\n\n<p>Fonte: Infonet<\/p>\n","protected":false},"excerpt":{"rendered":"<p>Com a chegada do per\u00edodo junino, a Pol\u00edcia Civil vem intensificando as a\u00e7\u00f5es de fiscaliza\u00e7\u00e3o da venda irregular de fogos de artif\u00edcio em Sergipe. A venda desse material somente pode ocorrer mediante autoriza\u00e7\u00e3o legal dos \u00f3rg\u00e3os de fiscaliza\u00e7\u00e3o, a exemplo da Divis\u00e3o de Fiscaliza\u00e7\u00e3o de Armas e Explosivos (Dfae), da Pol\u00edcia Civil. \u00c9 esta unidade [&hellip;]<\/p>\n","protected":false},"author":1,"featured_media":5080,"comment_status":"open","ping_status":"open","sticky":false,"template":"","format":"standard","meta":{"footnotes":""},"categories":[10],"tags":[],"class_list":{"0":"post-5079","1":"post","2":"type-post","3":"status-publish","4":"format-standard","5":"has-post-thumbnail","7":"category-theme-features"},"_links":{"self":[{"href":"https:\/\/nordesteimprensa.com.br\/index.php\/wp-json\/wp\/v2\/posts\/5079","targetHints":{"allow":["GET"]}}],"collection":[{"href":"https:\/\/nordesteimprensa.com.br\/index.php\/wp-json\/wp\/v2\/posts"}],"about":[{"href":"https:\/\/nordesteimprensa.com.br\/index.php\/wp-json\/wp\/v2\/types\/post"}],"author":[{"embeddable":true,"href":"https:\/\/nordesteimprensa.com.br\/index.php\/wp-json\/wp\/v2\/users\/1"}],"replies":[{"embeddable":true,"href":"https:\/\/nordesteimprensa.com.br\/index.php\/wp-json\/wp\/v2\/comments?post=5079"}],"version-history":[{"count":1,"href":"https:\/\/nordesteimprensa.com.br\/index.php\/wp-json\/wp\/v2\/posts\/5079\/revisions"}],"predecessor-version":[{"id":5081,"href":"https:\/\/nordesteimprensa.com.br\/index.php\/wp-json\/wp\/v2\/posts\/5079\/revisions\/5081"}],"wp:featuredmedia":[{"embeddable":true,"href":"https:\/\/nordesteimprensa.com.br\/index.php\/wp-json\/wp\/v2\/media\/5080"}],"wp:attachment":[{"href":"https:\/\/nordesteimprensa.com.br\/index.php\/wp-json\/wp\/v2\/media?parent=5079"}],"wp:term":[{"taxonomy":"category","embeddable":true,"href":"https:\/\/nordesteimprensa.com.br\/index.php\/wp-json\/wp\/v2\/categories?post=5079"},{"taxonomy":"post_tag","embeddable":true,"href":"https:\/\/nordesteimprensa.com.br\/index.php\/wp-json\/wp\/v2\/tags?post=5079"}],"curies":[{"name":"wp","href":"https:\/\/api.w.org\/{rel}","templated":true}]}}