{"id":5086,"date":"2024-05-27T11:14:01","date_gmt":"2024-05-27T14:14:01","guid":{"rendered":"https:\/\/nordesteimprensa.com.br\/?p=5086"},"modified":"2024-05-27T11:14:01","modified_gmt":"2024-05-27T14:14:01","slug":"passageiros-pulam-por-janela-de-onibus-que-derrubou-poste-com-transformador-em-aracaju","status":"publish","type":"post","link":"https:\/\/nordesteimprensa.com.br\/index.php\/2024\/05\/27\/passageiros-pulam-por-janela-de-onibus-que-derrubou-poste-com-transformador-em-aracaju\/","title":{"rendered":"Passageiros pulam por janela de \u00f4nibus que derrubou poste com transformador em Aracaju"},"content":{"rendered":"\n<p>Um \u00f4nibus do transporte coletivo da Grande Aracaju, que fazia a linha 005 &#8211; Maracaju\/DIA, bateu em um poste com transformador de energia, na Rua Est\u00e2ncia com Avenida Pedro Calazans, na capital, na manh\u00e3 desta segunda-feira (27). Passageiros sa\u00edram pela janela lateral do ve\u00edculo assustados com fa\u00edscas que sa\u00edram do poste. N\u00e3o houve feridos.&nbsp;<\/p>\n\n\n\n<p>O fornecimento de energia est\u00e1 parcialmente comprometido e conex\u00f5es de internet tamb\u00e9m foram prejudicadas. Agentes controlaram o tr\u00e2nsito durante algumas horas, at\u00e9 que o ve\u00edculo fosse retirado e os sem\u00e1foros voltassem a funcionar.&nbsp;<\/p>\n\n\n\n<p>O Sindicato das Empresas de Transporte de Passageiros de Aracaju (Setransp) informou que est\u00e1 apurando a ocorr\u00eancia, mas confirmou que n\u00e3o houve falha mec\u00e2nica e nem excesso de velocidade, j\u00e1 que o \u00f4nibus estava a 15km por hora no momento do acidente.<\/p>\n\n\n\n<p>fonte: G1 <\/p>\n","protected":false},"excerpt":{"rendered":"<p>Um \u00f4nibus do transporte coletivo da Grande Aracaju, que fazia a linha 005 &#8211; Maracaju\/DIA, bateu em um poste com transformador de energia, na Rua Est\u00e2ncia com Avenida Pedro Calazans, na capital, na manh\u00e3 desta segunda-feira (27). Passageiros sa\u00edram pela janela lateral do ve\u00edculo assustados com fa\u00edscas que sa\u00edram do poste. N\u00e3o houve feridos.&nbsp; O [&hellip;]<\/p>\n","protected":false},"author":1,"featured_media":5087,"comment_status":"open","ping_status":"open","sticky":false,"template":"","format":"standard","meta":{"footnotes":""},"categories":[10],"tags":[],"class_list":{"0":"post-5086","1":"post","2":"type-post","3":"status-publish","4":"format-standard","5":"has-post-thumbnail","7":"category-theme-features"},"_links":{"self":[{"href":"https:\/\/nordesteimprensa.com.br\/index.php\/wp-json\/wp\/v2\/posts\/5086","targetHints":{"allow":["GET"]}}],"collection":[{"href":"https:\/\/nordesteimprensa.com.br\/index.php\/wp-json\/wp\/v2\/posts"}],"about":[{"href":"https:\/\/nordesteimprensa.com.br\/index.php\/wp-json\/wp\/v2\/types\/post"}],"author":[{"embeddable":true,"href":"https:\/\/nordesteimprensa.com.br\/index.php\/wp-json\/wp\/v2\/users\/1"}],"replies":[{"embeddable":true,"href":"https:\/\/nordesteimprensa.com.br\/index.php\/wp-json\/wp\/v2\/comments?post=5086"}],"version-history":[{"count":1,"href":"https:\/\/nordesteimprensa.com.br\/index.php\/wp-json\/wp\/v2\/posts\/5086\/revisions"}],"predecessor-version":[{"id":5088,"href":"https:\/\/nordesteimprensa.com.br\/index.php\/wp-json\/wp\/v2\/posts\/5086\/revisions\/5088"}],"wp:featuredmedia":[{"embeddable":true,"href":"https:\/\/nordesteimprensa.com.br\/index.php\/wp-json\/wp\/v2\/media\/5087"}],"wp:attachment":[{"href":"https:\/\/nordesteimprensa.com.br\/index.php\/wp-json\/wp\/v2\/media?parent=5086"}],"wp:term":[{"taxonomy":"category","embeddable":true,"href":"https:\/\/nordesteimprensa.com.br\/index.php\/wp-json\/wp\/v2\/categories?post=5086"},{"taxonomy":"post_tag","embeddable":true,"href":"https:\/\/nordesteimprensa.com.br\/index.php\/wp-json\/wp\/v2\/tags?post=5086"}],"curies":[{"name":"wp","href":"https:\/\/api.w.org\/{rel}","templated":true}]}}