{"id":5103,"date":"2024-05-28T19:52:16","date_gmt":"2024-05-28T22:52:16","guid":{"rendered":"https:\/\/nordesteimprensa.com.br\/?p=5103"},"modified":"2024-05-28T19:52:16","modified_gmt":"2024-05-28T22:52:16","slug":"17-pessoas-sao-presas-suspeitas-de-trafico-de-drogas-em-aracaju-indiaroba-e-estancia","status":"publish","type":"post","link":"https:\/\/nordesteimprensa.com.br\/index.php\/2024\/05\/28\/17-pessoas-sao-presas-suspeitas-de-trafico-de-drogas-em-aracaju-indiaroba-e-estancia\/","title":{"rendered":"17 pessoas s\u00e3o presas suspeitas de tr\u00e1fico de drogas em Aracaju, Indiaroba e Est\u00e2ncia"},"content":{"rendered":"\n<p>17 pessoas suspeitas de tr\u00e1fico de drogas foram presas pela Pol\u00edcia Civil em Aracaju, Indiaroba e Est\u00e2ncia nesta ter\u00e7a-feira (27). Drogas, duas armas de fogo e celulares foram apreendidos na a\u00e7\u00e3o policial.&nbsp;<\/p>\n\n\n\n<p>De acordo com o delegado \u00c9rico Xavier, a opera\u00e7\u00e3o \u00e9 decorrente de investiga\u00e7\u00f5es iniciadas em agosto de 2022. \u201cQuatro foram detidos em flagrante por portar entorpecentes e arma de fogo, al\u00e9m de itens relacionados ao tr\u00e1fico de drogas\u201d, disse o delegado \u00c9rico Xavier, que coordenou a opera\u00e7\u00e3o.&nbsp;<\/p>\n\n\n\n<p>Um dos presos foi baleado durante confronto com os policiais. Ele foi socorrido, levado ao hospital, mas n\u00e3o resistiu aos ferimentos.\u00a0<br><\/p>\n\n\n\n<p>fonte: G1<\/p>\n","protected":false},"excerpt":{"rendered":"<p>17 pessoas suspeitas de tr\u00e1fico de drogas foram presas pela Pol\u00edcia Civil em Aracaju, Indiaroba e Est\u00e2ncia nesta ter\u00e7a-feira (27). Drogas, duas armas de fogo e celulares foram apreendidos na a\u00e7\u00e3o policial.&nbsp; De acordo com o delegado \u00c9rico Xavier, a opera\u00e7\u00e3o \u00e9 decorrente de investiga\u00e7\u00f5es iniciadas em agosto de 2022. \u201cQuatro foram detidos em flagrante [&hellip;]<\/p>\n","protected":false},"author":1,"featured_media":5104,"comment_status":"open","ping_status":"open","sticky":false,"template":"","format":"standard","meta":{"footnotes":""},"categories":[10],"tags":[],"class_list":{"0":"post-5103","1":"post","2":"type-post","3":"status-publish","4":"format-standard","5":"has-post-thumbnail","7":"category-theme-features"},"_links":{"self":[{"href":"https:\/\/nordesteimprensa.com.br\/index.php\/wp-json\/wp\/v2\/posts\/5103","targetHints":{"allow":["GET"]}}],"collection":[{"href":"https:\/\/nordesteimprensa.com.br\/index.php\/wp-json\/wp\/v2\/posts"}],"about":[{"href":"https:\/\/nordesteimprensa.com.br\/index.php\/wp-json\/wp\/v2\/types\/post"}],"author":[{"embeddable":true,"href":"https:\/\/nordesteimprensa.com.br\/index.php\/wp-json\/wp\/v2\/users\/1"}],"replies":[{"embeddable":true,"href":"https:\/\/nordesteimprensa.com.br\/index.php\/wp-json\/wp\/v2\/comments?post=5103"}],"version-history":[{"count":1,"href":"https:\/\/nordesteimprensa.com.br\/index.php\/wp-json\/wp\/v2\/posts\/5103\/revisions"}],"predecessor-version":[{"id":5105,"href":"https:\/\/nordesteimprensa.com.br\/index.php\/wp-json\/wp\/v2\/posts\/5103\/revisions\/5105"}],"wp:featuredmedia":[{"embeddable":true,"href":"https:\/\/nordesteimprensa.com.br\/index.php\/wp-json\/wp\/v2\/media\/5104"}],"wp:attachment":[{"href":"https:\/\/nordesteimprensa.com.br\/index.php\/wp-json\/wp\/v2\/media?parent=5103"}],"wp:term":[{"taxonomy":"category","embeddable":true,"href":"https:\/\/nordesteimprensa.com.br\/index.php\/wp-json\/wp\/v2\/categories?post=5103"},{"taxonomy":"post_tag","embeddable":true,"href":"https:\/\/nordesteimprensa.com.br\/index.php\/wp-json\/wp\/v2\/tags?post=5103"}],"curies":[{"name":"wp","href":"https:\/\/api.w.org\/{rel}","templated":true}]}}