{"id":5125,"date":"2024-05-29T10:52:20","date_gmt":"2024-05-29T13:52:20","guid":{"rendered":"https:\/\/nordesteimprensa.com.br\/?p=5125"},"modified":"2024-05-31T10:53:12","modified_gmt":"2024-05-31T13:53:12","slug":"5125","status":"publish","type":"post","link":"https:\/\/nordesteimprensa.com.br\/index.php\/2024\/05\/29\/5125\/","title":{"rendered":"Chuvas em Sergipe devem ser mais volumosas em junho"},"content":{"rendered":"\n<p>A Secretaria de Estado do Meio Ambiente, Sustentabilidade e A\u00e7\u00f5es Clim\u00e1ticas (Semac) divulgou um boletim nesta quinta-feira, 30, indicando que as chuvas em Sergipe ser\u00e3o mais volumosas no in\u00edcio de junho. A maior incid\u00eancia de precipita\u00e7\u00f5es deve ocorrer entre os dias 3 e 8 de junho.<\/p>\n\n\n\n<p>Segundo a meteorologista da Semac, Wanda Tathyana de Castro Silva, diante da an\u00e1lise da anomalia de precipita\u00e7\u00e3o do modelo europeu, para al\u00e9m do per\u00edodo de chuvas mais volumosas, h\u00e1 tamb\u00e9m a possibilidade de ventos fortes atingirem o estado. \u201cEssa condi\u00e7\u00e3o ocorre devido a atua\u00e7\u00e3o de sistemas meteorol\u00f3gicos, al\u00e9m dos oceanos estarem aquecidos, favorecendo as chuvas expressivas no estado de Sergipe\u201d, frisou.<\/p>\n\n\n\n<p>A Ger\u00eancia de Meteorologia e Mudan\u00e7as Clim\u00e1ticas da Semac segue monitorando as condi\u00e7\u00f5es sin\u00f3ticas e novas atualiza\u00e7\u00f5es poder\u00e3o ser enviadas a qualquer momento. A previs\u00e3o do tempo para os pr\u00f3ximos dias pode ser acessada no site:&nbsp;<a href=\"https:\/\/simese.se.gov.br\/\" target=\"_blank\" rel=\"noreferrer noopener\">simese.se.gov.br<\/a>. A secretaria tamb\u00e9m divulga o boletim com a an\u00e1lise semanal do tempo, dispon\u00edvel&nbsp;<a href=\"https:\/\/portais.semac.se.gov.br\/portalrecursoshidricos\/gerenciamento\/boletins_tempo\/Boletim%20do%20Tempo%2029-05-2024.pdf\" target=\"_blank\" rel=\"noreferrer noopener\">aqui<\/a>.<\/p>\n\n\n\n<h4 class=\"wp-block-heading\">Previs\u00e3o para os pr\u00f3ximos dias<\/h4>\n\n\n\n<p><strong>Para sexta-feira (31\/06):<\/strong><\/p>\n\n\n\n<p><strong>Litoral:<\/strong>&nbsp;Pela manh\u00e3, tarde, noite e madrugada possibilidade de c\u00e9u encoberto. Possibilidade de chuva fraca. Temperatura m\u00ednima em torno 22.9\u00b0C e m\u00e1xima de 29.6\u00b0C.&nbsp;<strong>Ventos:<\/strong>&nbsp;manh\u00e3 (fraco), tarde (moderado), noite e madrugada (fraco).<\/p>\n\n\n\n<p><strong>Agreste:<\/strong>&nbsp;Pela manh\u00e3 e tarde possibilidade de c\u00e9u encoberto, noite probabilidade de c\u00e9u parcialmente nublado, madrugada possibilidade de c\u00e9u encoberto. Possibilidade de chuva fraca. Temperatura m\u00ednima em torno 19.8\u00b0C e m\u00e1xima de 28.7\u00b0C.&nbsp;<strong>Ventos:<\/strong>&nbsp;manh\u00e3 (fraco), tarde (moderado), noite e madrugada (fraco).<\/p>\n\n\n\n<p><strong>Sert\u00e3o:\u00a0<\/strong>Pela manh\u00e3 e tarde possibilidade de c\u00e9u encoberto, noite probabilidade de c\u00e9u parcialmente nublado, madrugada possibilidade de c\u00e9u encoberto. Possibilidade de chuva fraca. Temperatura m\u00ednima em torno 20.1\u00b0C e m\u00e1xima de 30.2\u00b0C.\u00a0<strong>Ventos:<\/strong>\u00a0manh\u00e3 (fraco), tarde (moderado), noite e madrugada (fraco).<\/p>\n\n\n\n<p>Fonte: Ne noticias<\/p>\n","protected":false},"excerpt":{"rendered":"<p>A Secretaria de Estado do Meio Ambiente, Sustentabilidade e A\u00e7\u00f5es Clim\u00e1ticas (Semac) divulgou um boletim nesta quinta-feira, 30, indicando que as chuvas em Sergipe ser\u00e3o mais volumosas no in\u00edcio de junho. A maior incid\u00eancia de precipita\u00e7\u00f5es deve ocorrer entre os dias 3 e 8 de junho. Segundo a meteorologista da Semac, Wanda Tathyana de Castro [&hellip;]<\/p>\n","protected":false},"author":1,"featured_media":5126,"comment_status":"open","ping_status":"open","sticky":false,"template":"","format":"standard","meta":{"footnotes":""},"categories":[10],"tags":[],"class_list":{"0":"post-5125","1":"post","2":"type-post","3":"status-publish","4":"format-standard","5":"has-post-thumbnail","7":"category-theme-features"},"_links":{"self":[{"href":"https:\/\/nordesteimprensa.com.br\/index.php\/wp-json\/wp\/v2\/posts\/5125","targetHints":{"allow":["GET"]}}],"collection":[{"href":"https:\/\/nordesteimprensa.com.br\/index.php\/wp-json\/wp\/v2\/posts"}],"about":[{"href":"https:\/\/nordesteimprensa.com.br\/index.php\/wp-json\/wp\/v2\/types\/post"}],"author":[{"embeddable":true,"href":"https:\/\/nordesteimprensa.com.br\/index.php\/wp-json\/wp\/v2\/users\/1"}],"replies":[{"embeddable":true,"href":"https:\/\/nordesteimprensa.com.br\/index.php\/wp-json\/wp\/v2\/comments?post=5125"}],"version-history":[{"count":2,"href":"https:\/\/nordesteimprensa.com.br\/index.php\/wp-json\/wp\/v2\/posts\/5125\/revisions"}],"predecessor-version":[{"id":5128,"href":"https:\/\/nordesteimprensa.com.br\/index.php\/wp-json\/wp\/v2\/posts\/5125\/revisions\/5128"}],"wp:featuredmedia":[{"embeddable":true,"href":"https:\/\/nordesteimprensa.com.br\/index.php\/wp-json\/wp\/v2\/media\/5126"}],"wp:attachment":[{"href":"https:\/\/nordesteimprensa.com.br\/index.php\/wp-json\/wp\/v2\/media?parent=5125"}],"wp:term":[{"taxonomy":"category","embeddable":true,"href":"https:\/\/nordesteimprensa.com.br\/index.php\/wp-json\/wp\/v2\/categories?post=5125"},{"taxonomy":"post_tag","embeddable":true,"href":"https:\/\/nordesteimprensa.com.br\/index.php\/wp-json\/wp\/v2\/tags?post=5125"}],"curies":[{"name":"wp","href":"https:\/\/api.w.org\/{rel}","templated":true}]}}