{"id":5440,"date":"2024-07-04T09:27:55","date_gmt":"2024-07-04T12:27:55","guid":{"rendered":"https:\/\/nordesteimprensa.com.br\/?p=5440"},"modified":"2024-07-04T09:27:55","modified_gmt":"2024-07-04T12:27:55","slug":"investigado-por-trafico-de-drogas-e-preso-em-boquim","status":"publish","type":"post","link":"https:\/\/nordesteimprensa.com.br\/index.php\/2024\/07\/04\/investigado-por-trafico-de-drogas-e-preso-em-boquim\/","title":{"rendered":"Investigado por tr\u00e1fico de drogas \u00e9 preso em Boquim"},"content":{"rendered":"\n<p>Policiais civis da Delegacia de Boquim cumpriram o mandado de pris\u00e3o contra um homem condenado pela Justi\u00e7a em decorr\u00eancia do crime de tr\u00e1fico de drogas. A pris\u00e3o ocorreu nessa quarta-feira, 3, e foi divulgada nesta quinta-feira, 4.<\/p>\n\n\n\n<p>De acordo com as informa\u00e7\u00f5es policiais, a a\u00e7\u00e3o policial foi resultado de um levantamento feito pela equipe de investiga\u00e7\u00e3o da unidade policial, que localizou o investigado no bairro Matadouro, em Boquim.<\/p>\n\n\n\n<p>Com o cumprimento da decis\u00e3o judicial, o investigado j\u00e1 se encontra \u00e0 disposi\u00e7\u00e3o da Justi\u00e7a para ado\u00e7\u00e3o das medidas legais cab\u00edveis ao caso.<\/p>\n\n\n\n<p><\/p>\n\n\n\n<p><\/p>\n\n\n\n<p><\/p>\n\n\n\n<p><\/p>\n\n\n\n<p><\/p>\n","protected":false},"excerpt":{"rendered":"<p>Policiais civis da Delegacia de Boquim cumpriram o mandado de pris\u00e3o contra um homem condenado pela Justi\u00e7a em decorr\u00eancia do crime de tr\u00e1fico de drogas. A pris\u00e3o ocorreu nessa quarta-feira, 3, e foi divulgada nesta quinta-feira, 4. De acordo com as informa\u00e7\u00f5es policiais, a a\u00e7\u00e3o policial foi resultado de um levantamento feito pela equipe de [&hellip;]<\/p>\n","protected":false},"author":1,"featured_media":5441,"comment_status":"open","ping_status":"open","sticky":false,"template":"","format":"standard","meta":{"footnotes":""},"categories":[10],"tags":[],"class_list":{"0":"post-5440","1":"post","2":"type-post","3":"status-publish","4":"format-standard","5":"has-post-thumbnail","7":"category-theme-features"},"_links":{"self":[{"href":"https:\/\/nordesteimprensa.com.br\/index.php\/wp-json\/wp\/v2\/posts\/5440","targetHints":{"allow":["GET"]}}],"collection":[{"href":"https:\/\/nordesteimprensa.com.br\/index.php\/wp-json\/wp\/v2\/posts"}],"about":[{"href":"https:\/\/nordesteimprensa.com.br\/index.php\/wp-json\/wp\/v2\/types\/post"}],"author":[{"embeddable":true,"href":"https:\/\/nordesteimprensa.com.br\/index.php\/wp-json\/wp\/v2\/users\/1"}],"replies":[{"embeddable":true,"href":"https:\/\/nordesteimprensa.com.br\/index.php\/wp-json\/wp\/v2\/comments?post=5440"}],"version-history":[{"count":1,"href":"https:\/\/nordesteimprensa.com.br\/index.php\/wp-json\/wp\/v2\/posts\/5440\/revisions"}],"predecessor-version":[{"id":5442,"href":"https:\/\/nordesteimprensa.com.br\/index.php\/wp-json\/wp\/v2\/posts\/5440\/revisions\/5442"}],"wp:featuredmedia":[{"embeddable":true,"href":"https:\/\/nordesteimprensa.com.br\/index.php\/wp-json\/wp\/v2\/media\/5441"}],"wp:attachment":[{"href":"https:\/\/nordesteimprensa.com.br\/index.php\/wp-json\/wp\/v2\/media?parent=5440"}],"wp:term":[{"taxonomy":"category","embeddable":true,"href":"https:\/\/nordesteimprensa.com.br\/index.php\/wp-json\/wp\/v2\/categories?post=5440"},{"taxonomy":"post_tag","embeddable":true,"href":"https:\/\/nordesteimprensa.com.br\/index.php\/wp-json\/wp\/v2\/tags?post=5440"}],"curies":[{"name":"wp","href":"https:\/\/api.w.org\/{rel}","templated":true}]}}