{"id":5447,"date":"2024-07-06T09:22:03","date_gmt":"2024-07-06T12:22:03","guid":{"rendered":"https:\/\/nordesteimprensa.com.br\/?p=5447"},"modified":"2024-07-06T09:22:03","modified_gmt":"2024-07-06T12:22:03","slug":"investigacao-identifica-nove-vitimas-de-trabalho-analogo-a-escravidao-na-area-de-vendas-em-aracaju","status":"publish","type":"post","link":"https:\/\/nordesteimprensa.com.br\/index.php\/2024\/07\/06\/investigacao-identifica-nove-vitimas-de-trabalho-analogo-a-escravidao-na-area-de-vendas-em-aracaju\/","title":{"rendered":"Investiga\u00e7\u00e3o identifica nove v\u00edtimas de trabalho an\u00e1logo \u00e0 escravid\u00e3o na \u00e1rea de vendas em Aracaju"},"content":{"rendered":"\n<p>Tr\u00eas mandados de busca e apreens\u00e3o contra investigados por trabalho an\u00e1logo \u00e0 escravid\u00e3o foram cumpridos na manh\u00e3 desta sexta-feira (5) em\u00a0Aracaju\u00a0. Nove v\u00edtimas foram identificadas e ouvidas pela Pol\u00edcia Federal, Minist\u00e9rio P\u00fablico do Trabalho (MPT) e Minist\u00e9rio do Trabalho e Emprego (MTE).\u00a0<\/p>\n\n\n\n<p>As investiga\u00e7\u00f5es apontaram que os suspeitos estariam explorando pessoas socioeconomicamente vulner\u00e1veis e submetendo-as a jornadas exaustivas de trabalho, sob a falsa promessa de receberem mais de um sal\u00e1rio m\u00ednimo por semana.&nbsp;Com remunera\u00e7\u00e3o vari\u00e1vel, dependente da produ\u00e7\u00e3o, as v\u00edtimas permaneciam mais de 10 horas por dia na rua, tentando vender produtos, muitas vezes tendo que trabalhar mesmo doentes.<\/p>\n\n\n\n<p>Al\u00e9m disso, a empresa n\u00e3o era formalizada e n\u00e3o havia contrato entre os investigados e as v\u00edtimas, que n\u00e3o tinham direitos trabalhistas como 13\u00ba sal\u00e1rio, f\u00e9rias, FGTS. Segundo a PF, o sal\u00e1rio pago era inferior ao m\u00ednimo legal.&nbsp;<\/p>\n\n\n\n<p>Um dos mandados foi cumprido em uma casa que servia como alojamento dos trabalhadores, no bairro Santo Ant\u00f4nio. No local, foram encontradas cinco pessoas: um alagoano, dois sergipanos e dois baianos. O espa\u00e7o, segundo as investiga\u00e7\u00f5es, funcionava com este objetivo h\u00e1 dois anos e nele foram encontradas algumas irregularidades<\/p>\n\n\n\n<p>A investiga\u00e7\u00e3o teve in\u00edcio ap\u00f3s den\u00fancia de um grupo de ex-trabalhadores na Justi\u00e7a do Trabalho.<\/p>\n\n\n\n<p>Fonte: G1<\/p>\n\n\n\n<p><\/p>\n\n\n\n<p><\/p>\n","protected":false},"excerpt":{"rendered":"<p>Tr\u00eas mandados de busca e apreens\u00e3o contra investigados por trabalho an\u00e1logo \u00e0 escravid\u00e3o foram cumpridos na manh\u00e3 desta sexta-feira (5) em\u00a0Aracaju\u00a0. Nove v\u00edtimas foram identificadas e ouvidas pela Pol\u00edcia Federal, Minist\u00e9rio P\u00fablico do Trabalho (MPT) e Minist\u00e9rio do Trabalho e Emprego (MTE).\u00a0 As investiga\u00e7\u00f5es apontaram que os suspeitos estariam explorando pessoas socioeconomicamente vulner\u00e1veis e submetendo-as [&hellip;]<\/p>\n","protected":false},"author":1,"featured_media":5448,"comment_status":"open","ping_status":"open","sticky":false,"template":"","format":"standard","meta":{"footnotes":""},"categories":[10],"tags":[],"class_list":{"0":"post-5447","1":"post","2":"type-post","3":"status-publish","4":"format-standard","5":"has-post-thumbnail","7":"category-theme-features"},"_links":{"self":[{"href":"https:\/\/nordesteimprensa.com.br\/index.php\/wp-json\/wp\/v2\/posts\/5447","targetHints":{"allow":["GET"]}}],"collection":[{"href":"https:\/\/nordesteimprensa.com.br\/index.php\/wp-json\/wp\/v2\/posts"}],"about":[{"href":"https:\/\/nordesteimprensa.com.br\/index.php\/wp-json\/wp\/v2\/types\/post"}],"author":[{"embeddable":true,"href":"https:\/\/nordesteimprensa.com.br\/index.php\/wp-json\/wp\/v2\/users\/1"}],"replies":[{"embeddable":true,"href":"https:\/\/nordesteimprensa.com.br\/index.php\/wp-json\/wp\/v2\/comments?post=5447"}],"version-history":[{"count":1,"href":"https:\/\/nordesteimprensa.com.br\/index.php\/wp-json\/wp\/v2\/posts\/5447\/revisions"}],"predecessor-version":[{"id":5449,"href":"https:\/\/nordesteimprensa.com.br\/index.php\/wp-json\/wp\/v2\/posts\/5447\/revisions\/5449"}],"wp:featuredmedia":[{"embeddable":true,"href":"https:\/\/nordesteimprensa.com.br\/index.php\/wp-json\/wp\/v2\/media\/5448"}],"wp:attachment":[{"href":"https:\/\/nordesteimprensa.com.br\/index.php\/wp-json\/wp\/v2\/media?parent=5447"}],"wp:term":[{"taxonomy":"category","embeddable":true,"href":"https:\/\/nordesteimprensa.com.br\/index.php\/wp-json\/wp\/v2\/categories?post=5447"},{"taxonomy":"post_tag","embeddable":true,"href":"https:\/\/nordesteimprensa.com.br\/index.php\/wp-json\/wp\/v2\/tags?post=5447"}],"curies":[{"name":"wp","href":"https:\/\/api.w.org\/{rel}","templated":true}]}}