{"id":5454,"date":"2024-07-09T14:42:21","date_gmt":"2024-07-09T17:42:21","guid":{"rendered":"https:\/\/nordesteimprensa.com.br\/?p=5454"},"modified":"2024-07-09T14:42:21","modified_gmt":"2024-07-09T17:42:21","slug":"homem-e-linchado-e-morto-apos-invadir-casa-e-fazer-moradores-refens-na-zona-norte-de-aracaju","status":"publish","type":"post","link":"https:\/\/nordesteimprensa.com.br\/index.php\/2024\/07\/09\/homem-e-linchado-e-morto-apos-invadir-casa-e-fazer-moradores-refens-na-zona-norte-de-aracaju\/","title":{"rendered":"Homem \u00e9 linchado e morto ap\u00f3s invadir casa e fazer moradores ref\u00e9ns na Zona Norte de Aracaju"},"content":{"rendered":"\n<p>Um homem foi morto por populares ap\u00f3s invadir uma resid\u00eancia, no Bairro S\u00e3o Carlos, em Aracaju, na madrugada desta ter\u00e7a-feira (9). De acordo com a Pol\u00edcia Militar, ele fez os moradores ref\u00e9ns e cerca de 50 pessoas entraram na casa para socorrer as v\u00edtimas.&nbsp;<\/p>\n\n\n\n<p>Segundo a PM, alguns populares estavam com blocos e peda\u00e7os de madeira, que foram utilizados para linchar o homem. Ele tamb\u00e9m \u00e9 suspeito de praticar furtos na regi\u00e3o.&nbsp;<\/p>\n\n\n\n<p>O corpo foi levado para o Instituto M\u00e9dico Legal, em Nossa Senhora do Socorro, onde permanecia sem identifica\u00e7\u00e3o at\u00e9 a manh\u00e3 desta segunda.<\/p>\n\n\n\n<p>Fonte: G1<\/p>\n\n\n\n<p><\/p>\n\n\n\n<p><\/p>\n","protected":false},"excerpt":{"rendered":"<p>Um homem foi morto por populares ap\u00f3s invadir uma resid\u00eancia, no Bairro S\u00e3o Carlos, em Aracaju, na madrugada desta ter\u00e7a-feira (9). De acordo com a Pol\u00edcia Militar, ele fez os moradores ref\u00e9ns e cerca de 50 pessoas entraram na casa para socorrer as v\u00edtimas.&nbsp; Segundo a PM, alguns populares estavam com blocos e peda\u00e7os de [&hellip;]<\/p>\n","protected":false},"author":1,"featured_media":5455,"comment_status":"open","ping_status":"open","sticky":false,"template":"","format":"standard","meta":{"footnotes":""},"categories":[10],"tags":[],"class_list":{"0":"post-5454","1":"post","2":"type-post","3":"status-publish","4":"format-standard","5":"has-post-thumbnail","7":"category-theme-features"},"_links":{"self":[{"href":"https:\/\/nordesteimprensa.com.br\/index.php\/wp-json\/wp\/v2\/posts\/5454","targetHints":{"allow":["GET"]}}],"collection":[{"href":"https:\/\/nordesteimprensa.com.br\/index.php\/wp-json\/wp\/v2\/posts"}],"about":[{"href":"https:\/\/nordesteimprensa.com.br\/index.php\/wp-json\/wp\/v2\/types\/post"}],"author":[{"embeddable":true,"href":"https:\/\/nordesteimprensa.com.br\/index.php\/wp-json\/wp\/v2\/users\/1"}],"replies":[{"embeddable":true,"href":"https:\/\/nordesteimprensa.com.br\/index.php\/wp-json\/wp\/v2\/comments?post=5454"}],"version-history":[{"count":1,"href":"https:\/\/nordesteimprensa.com.br\/index.php\/wp-json\/wp\/v2\/posts\/5454\/revisions"}],"predecessor-version":[{"id":5456,"href":"https:\/\/nordesteimprensa.com.br\/index.php\/wp-json\/wp\/v2\/posts\/5454\/revisions\/5456"}],"wp:featuredmedia":[{"embeddable":true,"href":"https:\/\/nordesteimprensa.com.br\/index.php\/wp-json\/wp\/v2\/media\/5455"}],"wp:attachment":[{"href":"https:\/\/nordesteimprensa.com.br\/index.php\/wp-json\/wp\/v2\/media?parent=5454"}],"wp:term":[{"taxonomy":"category","embeddable":true,"href":"https:\/\/nordesteimprensa.com.br\/index.php\/wp-json\/wp\/v2\/categories?post=5454"},{"taxonomy":"post_tag","embeddable":true,"href":"https:\/\/nordesteimprensa.com.br\/index.php\/wp-json\/wp\/v2\/tags?post=5454"}],"curies":[{"name":"wp","href":"https:\/\/api.w.org\/{rel}","templated":true}]}}